{"id":7655,"date":"2025-04-07T12:28:54","date_gmt":"2025-04-07T10:28:54","guid":{"rendered":"https:\/\/ffl.lu\/?p=7655"},"modified":"2025-05-22T11:40:41","modified_gmt":"2025-05-22T09:40:41","slug":"tete-a-tete-a-solidarity-exhibition-in-a-hairdressing-salon","status":"publish","type":"post","link":"https:\/\/ffl.lu\/en\/2025\/04\/tete-a-tete-a-solidarity-exhibition-in-a-hairdressing-salon\/","title":{"rendered":"T\u00eate \u00e0 T\u00eate &#8211; A solidarity exhibition in a hairdressing salon"},"content":{"rendered":"\n<p>In Esch-sur-Alzette, the Fondation Follereau Luxembourg is joining forces with the byTun hairdressing salon to present \u2018T\u00eate \u00e0 T\u00eate\u2019, an exhibition that gives a voice to young girls in C\u00f4te d&#8217;Ivoire. Through their portraits and personal accounts, they tell how vocational training in hairdressing and dressmaking has enabled them to rebuild their lives and pave the way for a better future.<br>In certain regions of C\u00f4te d&#8217;Ivoire, many young girls &#8211; often young mothers &#8211; find themselves without support and without access to formal education. Early pregnancies, family exclusion and dropping out of school plunge them into precarious situations, reducing their prospects for the future. Thanks to the Centre de Formation de la Jeune Fille (CFJF) in Kaloukro, supported by the Fondation Follereau Luxembourg, they are acquiring the skills they need to become independent and regain their self-confidence.<br>But the training does not stop at learning a trade. At the centre, they also benefit from comprehensive support: literacy classes, psychological support, medical care and even a nursery for their children. By offering them these tools, the Fondation Follereau Luxembourg and its partners are enabling these young women to pave the way for a future in which they are the protagonists of their own destiny.<\/p>\n\n\n\n<p>The \u2018T\u00eate \u00e0 T\u00eate\u2019 exhibition highlights five of these young women through their portraits and personal accounts. In the warm atmosphere of the byTun exhibition, their eyes and words resonate. This initiative also highlights the importance of international solidarity and the role that everyone can play, in their own way, to support these young women on their journey.<br>Admission is free: come and discover these portraits and be touched by their stories. Together, let&#8217;s draw the lines for a future where every young girl has the means to choose her own path. <strong>Visit the byTun hairdressing salon, 109 rue de l&#8217;Alzette, L-4011 Esch-sur-Alzette, until 27 April 2025.<\/strong><\/p>\n","protected":false},"excerpt":{"rendered":"<p>In Esch-sur-Alzette, the Fondation Follereau Luxembourg is joining forces with the byTun hairdressing salon to present \u2018T\u00eate \u00e0 T\u00eate\u2019, an exhibition that gives a voice to young girls in C\u00f4te [&hellip;]<\/p>\n","protected":false},"author":14,"featured_media":7650,"comment_status":"closed","ping_status":"closed","sticky":false,"template":"","format":"standard","meta":{"_acf_changed":false,"footnotes":""},"categories":[1],"tags":[],"class_list":["post-7655","post","type-post","status-publish","format-standard","has-post-thumbnail","hentry","category-non-classifiee"],"acf":[],"yoast_head":"<!-- This site is optimized with the Yoast SEO plugin v27.1.1 - https:\/\/yoast.com\/product\/yoast-seo-wordpress\/ -->\n<title>T\u00eate \u00e0 T\u00eate - A solidarity exhibition in a hairdressing salon - Fondation Follereau Luxembourg<\/title>\n<meta name=\"robots\" content=\"index, follow, max-snippet:-1, max-image-preview:large, max-video-preview:-1\" \/>\n<link rel=\"canonical\" href=\"https:\/\/ffl.lu\/en\/2025\/04\/tete-a-tete-a-solidarity-exhibition-in-a-hairdressing-salon\/\" \/>\n<meta property=\"og:locale\" content=\"en_US\" \/>\n<meta property=\"og:type\" content=\"article\" \/>\n<meta property=\"og:title\" content=\"T\u00eate \u00e0 T\u00eate - A solidarity exhibition in a hairdressing salon - Fondation Follereau Luxembourg\" \/>\n<meta property=\"og:description\" content=\"In Esch-sur-Alzette, the Fondation Follereau Luxembourg is joining forces with the byTun hairdressing salon to present \u2018T\u00eate \u00e0 T\u00eate\u2019, an exhibition that gives a voice to young girls in C\u00f4te [&hellip;]\" \/>\n<meta property=\"og:url\" content=\"https:\/\/ffl.lu\/en\/2025\/04\/tete-a-tete-a-solidarity-exhibition-in-a-hairdressing-salon\/\" \/>\n<meta property=\"og:site_name\" content=\"Fondation Follereau Luxembourg\" \/>\n<meta property=\"article:published_time\" content=\"2025-04-07T10:28:54+00:00\" \/>\n<meta property=\"article:modified_time\" content=\"2025-05-22T09:40:41+00:00\" \/>\n<meta property=\"og:image\" content=\"https:\/\/ffl.lu\/wp-content\/uploads\/2025\/04\/Expo-Tun-rotated.jpeg\" \/>\n\t<meta property=\"og:image:width\" content=\"3024\" \/>\n\t<meta property=\"og:image:height\" content=\"4032\" \/>\n\t<meta property=\"og:image:type\" content=\"image\/jpeg\" \/>\n<meta name=\"author\" content=\"Marta Da Costa Gon\u00e7alves\" \/>\n<meta name=\"twitter:card\" content=\"summary_large_image\" \/>\n<meta name=\"twitter:label1\" content=\"Written by\" \/>\n\t<meta name=\"twitter:data1\" content=\"Marta Da Costa Gon\u00e7alves\" \/>\n\t<meta name=\"twitter:label2\" content=\"Est. reading time\" \/>\n\t<meta name=\"twitter:data2\" content=\"2 minutes\" \/>\n<script type=\"application\/ld+json\" class=\"yoast-schema-graph\">{\"@context\":\"https:\/\/schema.org\",\"@graph\":[{\"@type\":\"Article\",\"@id\":\"https:\/\/ffl.lu\/en\/2025\/04\/tete-a-tete-a-solidarity-exhibition-in-a-hairdressing-salon\/#article\",\"isPartOf\":{\"@id\":\"https:\/\/ffl.lu\/en\/2025\/04\/tete-a-tete-a-solidarity-exhibition-in-a-hairdressing-salon\/\"},\"author\":{\"name\":\"Marta Da Costa Gon\u00e7alves\",\"@id\":\"https:\/\/ffl.lu\/en\/#\/schema\/person\/4c87208ca5f0655d4b3bc133d077ff87\"},\"headline\":\"T\u00eate \u00e0 T\u00eate &#8211; A solidarity exhibition in a hairdressing salon\",\"datePublished\":\"2025-04-07T10:28:54+00:00\",\"dateModified\":\"2025-05-22T09:40:41+00:00\",\"mainEntityOfPage\":{\"@id\":\"https:\/\/ffl.lu\/en\/2025\/04\/tete-a-tete-a-solidarity-exhibition-in-a-hairdressing-salon\/\"},\"wordCount\":328,\"image\":{\"@id\":\"https:\/\/ffl.lu\/en\/2025\/04\/tete-a-tete-a-solidarity-exhibition-in-a-hairdressing-salon\/#primaryimage\"},\"thumbnailUrl\":\"https:\/\/ffl.lu\/wp-content\/uploads\/2025\/04\/Expo-Tun-rotated.jpeg\",\"articleSection\":[\"Non classifi\u00e9(e)\"],\"inLanguage\":\"en-US\"},{\"@type\":\"WebPage\",\"@id\":\"https:\/\/ffl.lu\/en\/2025\/04\/tete-a-tete-a-solidarity-exhibition-in-a-hairdressing-salon\/\",\"url\":\"https:\/\/ffl.lu\/en\/2025\/04\/tete-a-tete-a-solidarity-exhibition-in-a-hairdressing-salon\/\",\"name\":\"T\u00eate \u00e0 T\u00eate - A solidarity exhibition in a hairdressing salon - Fondation Follereau Luxembourg\",\"isPartOf\":{\"@id\":\"https:\/\/ffl.lu\/en\/#website\"},\"primaryImageOfPage\":{\"@id\":\"https:\/\/ffl.lu\/en\/2025\/04\/tete-a-tete-a-solidarity-exhibition-in-a-hairdressing-salon\/#primaryimage\"},\"image\":{\"@id\":\"https:\/\/ffl.lu\/en\/2025\/04\/tete-a-tete-a-solidarity-exhibition-in-a-hairdressing-salon\/#primaryimage\"},\"thumbnailUrl\":\"https:\/\/ffl.lu\/wp-content\/uploads\/2025\/04\/Expo-Tun-rotated.jpeg\",\"datePublished\":\"2025-04-07T10:28:54+00:00\",\"dateModified\":\"2025-05-22T09:40:41+00:00\",\"author\":{\"@id\":\"https:\/\/ffl.lu\/en\/#\/schema\/person\/4c87208ca5f0655d4b3bc133d077ff87\"},\"breadcrumb\":{\"@id\":\"https:\/\/ffl.lu\/en\/2025\/04\/tete-a-tete-a-solidarity-exhibition-in-a-hairdressing-salon\/#breadcrumb\"},\"inLanguage\":\"en-US\",\"potentialAction\":[{\"@type\":\"ReadAction\",\"target\":[\"https:\/\/ffl.lu\/en\/2025\/04\/tete-a-tete-a-solidarity-exhibition-in-a-hairdressing-salon\/\"]}]},{\"@type\":\"ImageObject\",\"inLanguage\":\"en-US\",\"@id\":\"https:\/\/ffl.lu\/en\/2025\/04\/tete-a-tete-a-solidarity-exhibition-in-a-hairdressing-salon\/#primaryimage\",\"url\":\"https:\/\/ffl.lu\/wp-content\/uploads\/2025\/04\/Expo-Tun-rotated.jpeg\",\"contentUrl\":\"https:\/\/ffl.lu\/wp-content\/uploads\/2025\/04\/Expo-Tun-rotated.jpeg\",\"width\":3024,\"height\":4032},{\"@type\":\"BreadcrumbList\",\"@id\":\"https:\/\/ffl.lu\/en\/2025\/04\/tete-a-tete-a-solidarity-exhibition-in-a-hairdressing-salon\/#breadcrumb\",\"itemListElement\":[{\"@type\":\"ListItem\",\"position\":1,\"name\":\"Home\",\"item\":\"https:\/\/ffl.lu\/en\/\"},{\"@type\":\"ListItem\",\"position\":2,\"name\":\"T\u00eate \u00e0 T\u00eate &#8211; A solidarity exhibition in a hairdressing salon\"}]},{\"@type\":\"WebSite\",\"@id\":\"https:\/\/ffl.lu\/en\/#website\",\"url\":\"https:\/\/ffl.lu\/en\/\",\"name\":\"Fondation Follereau Luxembourg\",\"description\":\"If you want to go fast, go alone. If you want to go far, go together.\",\"potentialAction\":[{\"@type\":\"SearchAction\",\"target\":{\"@type\":\"EntryPoint\",\"urlTemplate\":\"https:\/\/ffl.lu\/en\/?s={search_term_string}\"},\"query-input\":{\"@type\":\"PropertyValueSpecification\",\"valueRequired\":true,\"valueName\":\"search_term_string\"}}],\"inLanguage\":\"en-US\"},{\"@type\":\"Person\",\"@id\":\"https:\/\/ffl.lu\/en\/#\/schema\/person\/4c87208ca5f0655d4b3bc133d077ff87\",\"name\":\"Marta Da Costa Gon\u00e7alves\",\"image\":{\"@type\":\"ImageObject\",\"inLanguage\":\"en-US\",\"@id\":\"https:\/\/ffl.lu\/en\/#\/schema\/person\/image\/\",\"url\":\"https:\/\/secure.gravatar.com\/avatar\/6a7ab4dacdd36479d684d5055778a3baa6a71e12baf2b3eeddf09b721eba9cdf?s=96&d=mm&r=g\",\"contentUrl\":\"https:\/\/secure.gravatar.com\/avatar\/6a7ab4dacdd36479d684d5055778a3baa6a71e12baf2b3eeddf09b721eba9cdf?s=96&d=mm&r=g\",\"caption\":\"Marta Da Costa Gon\u00e7alves\"},\"url\":\"https:\/\/ffl.lu\/en\/author\/marta-dacostaffl-lu\/\"}]}<\/script>\n<!-- \/ Yoast SEO plugin. -->","yoast_head_json":{"title":"T\u00eate \u00e0 T\u00eate - A solidarity exhibition in a hairdressing salon - Fondation Follereau Luxembourg","robots":{"index":"index","follow":"follow","max-snippet":"max-snippet:-1","max-image-preview":"max-image-preview:large","max-video-preview":"max-video-preview:-1"},"canonical":"https:\/\/ffl.lu\/en\/2025\/04\/tete-a-tete-a-solidarity-exhibition-in-a-hairdressing-salon\/","og_locale":"en_US","og_type":"article","og_title":"T\u00eate \u00e0 T\u00eate - A solidarity exhibition in a hairdressing salon - Fondation Follereau Luxembourg","og_description":"In Esch-sur-Alzette, the Fondation Follereau Luxembourg is joining forces with the byTun hairdressing salon to present \u2018T\u00eate \u00e0 T\u00eate\u2019, an exhibition that gives a voice to young girls in C\u00f4te [&hellip;]","og_url":"https:\/\/ffl.lu\/en\/2025\/04\/tete-a-tete-a-solidarity-exhibition-in-a-hairdressing-salon\/","og_site_name":"Fondation Follereau Luxembourg","article_published_time":"2025-04-07T10:28:54+00:00","article_modified_time":"2025-05-22T09:40:41+00:00","og_image":[{"width":3024,"height":4032,"url":"https:\/\/ffl.lu\/wp-content\/uploads\/2025\/04\/Expo-Tun-rotated.jpeg","type":"image\/jpeg"}],"author":"Marta Da Costa Gon\u00e7alves","twitter_card":"summary_large_image","twitter_misc":{"Written by":"Marta Da Costa Gon\u00e7alves","Est. reading time":"2 minutes"},"schema":{"@context":"https:\/\/schema.org","@graph":[{"@type":"Article","@id":"https:\/\/ffl.lu\/en\/2025\/04\/tete-a-tete-a-solidarity-exhibition-in-a-hairdressing-salon\/#article","isPartOf":{"@id":"https:\/\/ffl.lu\/en\/2025\/04\/tete-a-tete-a-solidarity-exhibition-in-a-hairdressing-salon\/"},"author":{"name":"Marta Da Costa Gon\u00e7alves","@id":"https:\/\/ffl.lu\/en\/#\/schema\/person\/4c87208ca5f0655d4b3bc133d077ff87"},"headline":"T\u00eate \u00e0 T\u00eate &#8211; A solidarity exhibition in a hairdressing salon","datePublished":"2025-04-07T10:28:54+00:00","dateModified":"2025-05-22T09:40:41+00:00","mainEntityOfPage":{"@id":"https:\/\/ffl.lu\/en\/2025\/04\/tete-a-tete-a-solidarity-exhibition-in-a-hairdressing-salon\/"},"wordCount":328,"image":{"@id":"https:\/\/ffl.lu\/en\/2025\/04\/tete-a-tete-a-solidarity-exhibition-in-a-hairdressing-salon\/#primaryimage"},"thumbnailUrl":"https:\/\/ffl.lu\/wp-content\/uploads\/2025\/04\/Expo-Tun-rotated.jpeg","articleSection":["Non classifi\u00e9(e)"],"inLanguage":"en-US"},{"@type":"WebPage","@id":"https:\/\/ffl.lu\/en\/2025\/04\/tete-a-tete-a-solidarity-exhibition-in-a-hairdressing-salon\/","url":"https:\/\/ffl.lu\/en\/2025\/04\/tete-a-tete-a-solidarity-exhibition-in-a-hairdressing-salon\/","name":"T\u00eate \u00e0 T\u00eate - A solidarity exhibition in a hairdressing salon - Fondation Follereau Luxembourg","isPartOf":{"@id":"https:\/\/ffl.lu\/en\/#website"},"primaryImageOfPage":{"@id":"https:\/\/ffl.lu\/en\/2025\/04\/tete-a-tete-a-solidarity-exhibition-in-a-hairdressing-salon\/#primaryimage"},"image":{"@id":"https:\/\/ffl.lu\/en\/2025\/04\/tete-a-tete-a-solidarity-exhibition-in-a-hairdressing-salon\/#primaryimage"},"thumbnailUrl":"https:\/\/ffl.lu\/wp-content\/uploads\/2025\/04\/Expo-Tun-rotated.jpeg","datePublished":"2025-04-07T10:28:54+00:00","dateModified":"2025-05-22T09:40:41+00:00","author":{"@id":"https:\/\/ffl.lu\/en\/#\/schema\/person\/4c87208ca5f0655d4b3bc133d077ff87"},"breadcrumb":{"@id":"https:\/\/ffl.lu\/en\/2025\/04\/tete-a-tete-a-solidarity-exhibition-in-a-hairdressing-salon\/#breadcrumb"},"inLanguage":"en-US","potentialAction":[{"@type":"ReadAction","target":["https:\/\/ffl.lu\/en\/2025\/04\/tete-a-tete-a-solidarity-exhibition-in-a-hairdressing-salon\/"]}]},{"@type":"ImageObject","inLanguage":"en-US","@id":"https:\/\/ffl.lu\/en\/2025\/04\/tete-a-tete-a-solidarity-exhibition-in-a-hairdressing-salon\/#primaryimage","url":"https:\/\/ffl.lu\/wp-content\/uploads\/2025\/04\/Expo-Tun-rotated.jpeg","contentUrl":"https:\/\/ffl.lu\/wp-content\/uploads\/2025\/04\/Expo-Tun-rotated.jpeg","width":3024,"height":4032},{"@type":"BreadcrumbList","@id":"https:\/\/ffl.lu\/en\/2025\/04\/tete-a-tete-a-solidarity-exhibition-in-a-hairdressing-salon\/#breadcrumb","itemListElement":[{"@type":"ListItem","position":1,"name":"Home","item":"https:\/\/ffl.lu\/en\/"},{"@type":"ListItem","position":2,"name":"T\u00eate \u00e0 T\u00eate &#8211; A solidarity exhibition in a hairdressing salon"}]},{"@type":"WebSite","@id":"https:\/\/ffl.lu\/en\/#website","url":"https:\/\/ffl.lu\/en\/","name":"Fondation Follereau Luxembourg","description":"If you want to go fast, go alone. If you want to go far, go together.","potentialAction":[{"@type":"SearchAction","target":{"@type":"EntryPoint","urlTemplate":"https:\/\/ffl.lu\/en\/?s={search_term_string}"},"query-input":{"@type":"PropertyValueSpecification","valueRequired":true,"valueName":"search_term_string"}}],"inLanguage":"en-US"},{"@type":"Person","@id":"https:\/\/ffl.lu\/en\/#\/schema\/person\/4c87208ca5f0655d4b3bc133d077ff87","name":"Marta Da Costa Gon\u00e7alves","image":{"@type":"ImageObject","inLanguage":"en-US","@id":"https:\/\/ffl.lu\/en\/#\/schema\/person\/image\/","url":"https:\/\/secure.gravatar.com\/avatar\/6a7ab4dacdd36479d684d5055778a3baa6a71e12baf2b3eeddf09b721eba9cdf?s=96&d=mm&r=g","contentUrl":"https:\/\/secure.gravatar.com\/avatar\/6a7ab4dacdd36479d684d5055778a3baa6a71e12baf2b3eeddf09b721eba9cdf?s=96&d=mm&r=g","caption":"Marta Da Costa Gon\u00e7alves"},"url":"https:\/\/ffl.lu\/en\/author\/marta-dacostaffl-lu\/"}]}},"_links":{"self":[{"href":"https:\/\/ffl.lu\/en\/wp-json\/wp\/v2\/posts\/7655","targetHints":{"allow":["GET"]}}],"collection":[{"href":"https:\/\/ffl.lu\/en\/wp-json\/wp\/v2\/posts"}],"about":[{"href":"https:\/\/ffl.lu\/en\/wp-json\/wp\/v2\/types\/post"}],"author":[{"embeddable":true,"href":"https:\/\/ffl.lu\/en\/wp-json\/wp\/v2\/users\/14"}],"replies":[{"embeddable":true,"href":"https:\/\/ffl.lu\/en\/wp-json\/wp\/v2\/comments?post=7655"}],"version-history":[{"count":1,"href":"https:\/\/ffl.lu\/en\/wp-json\/wp\/v2\/posts\/7655\/revisions"}],"predecessor-version":[{"id":7656,"href":"https:\/\/ffl.lu\/en\/wp-json\/wp\/v2\/posts\/7655\/revisions\/7656"}],"wp:featuredmedia":[{"embeddable":true,"href":"https:\/\/ffl.lu\/en\/wp-json\/wp\/v2\/media\/7650"}],"wp:attachment":[{"href":"https:\/\/ffl.lu\/en\/wp-json\/wp\/v2\/media?parent=7655"}],"wp:term":[{"taxonomy":"category","embeddable":true,"href":"https:\/\/ffl.lu\/en\/wp-json\/wp\/v2\/categories?post=7655"},{"taxonomy":"post_tag","embeddable":true,"href":"https:\/\/ffl.lu\/en\/wp-json\/wp\/v2\/tags?post=7655"}],"curies":[{"name":"wp","href":"https:\/\/api.w.org\/{rel}","templated":true}]}}