{"id":7310,"date":"2024-09-02T14:48:26","date_gmt":"2024-09-02T12:48:26","guid":{"rendered":"https:\/\/ffl.lu\/?p=7310"},"modified":"2024-10-21T14:49:54","modified_gmt":"2024-10-21T12:49:54","slug":"merci-rockids-kirchberg","status":"publish","type":"post","link":"https:\/\/ffl.lu\/en\/2024\/09\/merci-rockids-kirchberg\/","title":{"rendered":"Merci, Rockids Kirchberg !"},"content":{"rendered":"\n<p><strong>Remise de ch\u00e8que au sein de la cr\u00e8che et foyer de jour Rockids Kirchberg<\/strong><\/p>\n\n\n\n<p><em>Au profit du projet de lutte contre la traite des enfants au nord du B\u00e9nin<\/em><\/p>\n\n\n\n<p>Le 12 juillet 2024 s\u2019est tenue au sein de la structure Rockids Kirchberg, une remise de ch\u00e8que au profit de la Fondation Follereau Luxembourg. La cr\u00e8che et foyer de jour a organis\u00e9 une tombola mi-juin gr\u00e2ce \u00e0 laquelle 715 euros ont pu \u00eatre collect\u00e9s au total. Cette tombola n\u2019aurait pas pu avoir lieu sans la volont\u00e9 des \u00e9ducateurs.rices de Rockids Kirchberg qui ont tout organis\u00e9 eux-m\u00eames, ni sans le soutien des nombreux commer\u00e7ants ayant fait dons de jolis lots \u00e0 gagner ou encore des parents des enfants inscrits qui ont particip\u00e9 \u00e0 la tombola en achetant des tickets.<\/p>\n\n\n\n<p>Cette collecte b\u00e9n\u00e9ficiera au projet de lutte contre la traite des enfants au nord du B\u00e9nin qui vise \u00e0 prot\u00e9ger des enfants en situation de grande vuln\u00e9rabilit\u00e9, victime ou \u00e0 risque de traite humaine dans les r\u00e9gions de Djougou et Parakou. L\u2019objectif est de prendre en charge ces enfants tant sur le plan m\u00e9dical que psychosocial, nutritionnel, \u00e9ducatif et juridique au travers des activit\u00e9s du projet, mais \u00e9galement de sensibiliser les populations aux droits des enfants, \u00e0 leur bien-\u00eatre et ainsi promouvoir un environnement social plus protecteur.<\/p>\n\n\n\n<p>Cette action est une preuve de l\u2019engagement d\u2019une communaut\u00e9 en faveur des enfants, de leurs droits fondamentaux et pour la lutte contre les in\u00e9galit\u00e9s, peu importe o\u00f9 dans le monde.<\/p>\n","protected":false},"excerpt":{"rendered":"<p>Remise de ch\u00e8que au sein de la cr\u00e8che et foyer de jour Rockids Kirchberg Au profit du projet de lutte contre la traite des enfants au nord du B\u00e9nin Le [&hellip;]<\/p>\n","protected":false},"author":4,"featured_media":7311,"comment_status":"closed","ping_status":"closed","sticky":false,"template":"","format":"standard","meta":{"_acf_changed":false,"footnotes":""},"categories":[1],"tags":[],"class_list":["post-7310","post","type-post","status-publish","format-standard","has-post-thumbnail","hentry","category-non-classifiee"],"acf":[],"yoast_head":"<!-- This site is optimized with the Yoast SEO plugin v27.1.1 - https:\/\/yoast.com\/product\/yoast-seo-wordpress\/ -->\n<title>Merci, Rockids Kirchberg ! - Fondation Follereau Luxembourg<\/title>\n<meta name=\"robots\" content=\"index, follow, max-snippet:-1, max-image-preview:large, max-video-preview:-1\" \/>\n<link rel=\"canonical\" href=\"https:\/\/ffl.lu\/en\/2024\/09\/merci-rockids-kirchberg\/\" \/>\n<meta property=\"og:locale\" content=\"en_US\" \/>\n<meta property=\"og:type\" content=\"article\" \/>\n<meta property=\"og:title\" content=\"Merci, Rockids Kirchberg ! - Fondation Follereau Luxembourg\" \/>\n<meta property=\"og:description\" content=\"Remise de ch\u00e8que au sein de la cr\u00e8che et foyer de jour Rockids Kirchberg Au profit du projet de lutte contre la traite des enfants au nord du B\u00e9nin Le [&hellip;]\" \/>\n<meta property=\"og:url\" content=\"https:\/\/ffl.lu\/en\/2024\/09\/merci-rockids-kirchberg\/\" \/>\n<meta property=\"og:site_name\" content=\"Fondation Follereau Luxembourg\" \/>\n<meta property=\"article:published_time\" content=\"2024-09-02T12:48:26+00:00\" \/>\n<meta property=\"article:modified_time\" content=\"2024-10-21T12:49:54+00:00\" \/>\n<meta property=\"og:image\" content=\"https:\/\/ffl.lu\/wp-content\/uploads\/2024\/10\/IMG_1042-828x828-c-default.jpeg\" \/>\n\t<meta property=\"og:image:width\" content=\"828\" \/>\n\t<meta property=\"og:image:height\" content=\"828\" \/>\n\t<meta property=\"og:image:type\" content=\"image\/jpeg\" \/>\n<meta name=\"author\" content=\"Mathias\" \/>\n<meta name=\"twitter:card\" content=\"summary_large_image\" \/>\n<meta name=\"twitter:label1\" content=\"Written by\" \/>\n\t<meta name=\"twitter:data1\" content=\"Mathias\" \/>\n\t<meta name=\"twitter:label2\" content=\"Est. reading time\" \/>\n\t<meta name=\"twitter:data2\" content=\"2 minutes\" \/>\n<script type=\"application\/ld+json\" class=\"yoast-schema-graph\">{\"@context\":\"https:\/\/schema.org\",\"@graph\":[{\"@type\":\"Article\",\"@id\":\"https:\/\/ffl.lu\/en\/2024\/09\/merci-rockids-kirchberg\/#article\",\"isPartOf\":{\"@id\":\"https:\/\/ffl.lu\/en\/2024\/09\/merci-rockids-kirchberg\/\"},\"author\":{\"name\":\"Mathias\",\"@id\":\"https:\/\/ffl.lu\/en\/#\/schema\/person\/a4c4245a3bf8377ffe249b57ec9219ed\"},\"headline\":\"Merci, Rockids Kirchberg !\",\"datePublished\":\"2024-09-02T12:48:26+00:00\",\"dateModified\":\"2024-10-21T12:49:54+00:00\",\"mainEntityOfPage\":{\"@id\":\"https:\/\/ffl.lu\/en\/2024\/09\/merci-rockids-kirchberg\/\"},\"wordCount\":264,\"image\":{\"@id\":\"https:\/\/ffl.lu\/en\/2024\/09\/merci-rockids-kirchberg\/#primaryimage\"},\"thumbnailUrl\":\"https:\/\/ffl.lu\/wp-content\/uploads\/2024\/10\/IMG_1042-828x828-c-default.jpeg\",\"articleSection\":[\"Non classifi\u00e9(e)\"],\"inLanguage\":\"en-US\"},{\"@type\":\"WebPage\",\"@id\":\"https:\/\/ffl.lu\/en\/2024\/09\/merci-rockids-kirchberg\/\",\"url\":\"https:\/\/ffl.lu\/en\/2024\/09\/merci-rockids-kirchberg\/\",\"name\":\"Merci, Rockids Kirchberg ! - Fondation Follereau Luxembourg\",\"isPartOf\":{\"@id\":\"https:\/\/ffl.lu\/en\/#website\"},\"primaryImageOfPage\":{\"@id\":\"https:\/\/ffl.lu\/en\/2024\/09\/merci-rockids-kirchberg\/#primaryimage\"},\"image\":{\"@id\":\"https:\/\/ffl.lu\/en\/2024\/09\/merci-rockids-kirchberg\/#primaryimage\"},\"thumbnailUrl\":\"https:\/\/ffl.lu\/wp-content\/uploads\/2024\/10\/IMG_1042-828x828-c-default.jpeg\",\"datePublished\":\"2024-09-02T12:48:26+00:00\",\"dateModified\":\"2024-10-21T12:49:54+00:00\",\"author\":{\"@id\":\"https:\/\/ffl.lu\/en\/#\/schema\/person\/a4c4245a3bf8377ffe249b57ec9219ed\"},\"breadcrumb\":{\"@id\":\"https:\/\/ffl.lu\/en\/2024\/09\/merci-rockids-kirchberg\/#breadcrumb\"},\"inLanguage\":\"en-US\",\"potentialAction\":[{\"@type\":\"ReadAction\",\"target\":[\"https:\/\/ffl.lu\/en\/2024\/09\/merci-rockids-kirchberg\/\"]}]},{\"@type\":\"ImageObject\",\"inLanguage\":\"en-US\",\"@id\":\"https:\/\/ffl.lu\/en\/2024\/09\/merci-rockids-kirchberg\/#primaryimage\",\"url\":\"https:\/\/ffl.lu\/wp-content\/uploads\/2024\/10\/IMG_1042-828x828-c-default.jpeg\",\"contentUrl\":\"https:\/\/ffl.lu\/wp-content\/uploads\/2024\/10\/IMG_1042-828x828-c-default.jpeg\",\"width\":828,\"height\":828},{\"@type\":\"BreadcrumbList\",\"@id\":\"https:\/\/ffl.lu\/en\/2024\/09\/merci-rockids-kirchberg\/#breadcrumb\",\"itemListElement\":[{\"@type\":\"ListItem\",\"position\":1,\"name\":\"Home\",\"item\":\"https:\/\/ffl.lu\/en\/\"},{\"@type\":\"ListItem\",\"position\":2,\"name\":\"Merci, Rockids Kirchberg !\"}]},{\"@type\":\"WebSite\",\"@id\":\"https:\/\/ffl.lu\/en\/#website\",\"url\":\"https:\/\/ffl.lu\/en\/\",\"name\":\"Fondation Follereau Luxembourg\",\"description\":\"If you want to go fast, go alone. If you want to go far, go together.\",\"potentialAction\":[{\"@type\":\"SearchAction\",\"target\":{\"@type\":\"EntryPoint\",\"urlTemplate\":\"https:\/\/ffl.lu\/en\/?s={search_term_string}\"},\"query-input\":{\"@type\":\"PropertyValueSpecification\",\"valueRequired\":true,\"valueName\":\"search_term_string\"}}],\"inLanguage\":\"en-US\"},{\"@type\":\"Person\",\"@id\":\"https:\/\/ffl.lu\/en\/#\/schema\/person\/a4c4245a3bf8377ffe249b57ec9219ed\",\"name\":\"Mathias\",\"image\":{\"@type\":\"ImageObject\",\"inLanguage\":\"en-US\",\"@id\":\"https:\/\/ffl.lu\/en\/#\/schema\/person\/image\/\",\"url\":\"https:\/\/secure.gravatar.com\/avatar\/72e50a682b4d0c4b82ef519010d36715709617cad812c793ad21ba6150620f55?s=96&d=mm&r=g\",\"contentUrl\":\"https:\/\/secure.gravatar.com\/avatar\/72e50a682b4d0c4b82ef519010d36715709617cad812c793ad21ba6150620f55?s=96&d=mm&r=g\",\"caption\":\"Mathias\"},\"sameAs\":[\"http:\/\/www.intrepide.lu\"],\"url\":\"https:\/\/ffl.lu\/en\/author\/mat\/\"}]}<\/script>\n<!-- \/ Yoast SEO plugin. -->","yoast_head_json":{"title":"Merci, Rockids Kirchberg ! - Fondation Follereau Luxembourg","robots":{"index":"index","follow":"follow","max-snippet":"max-snippet:-1","max-image-preview":"max-image-preview:large","max-video-preview":"max-video-preview:-1"},"canonical":"https:\/\/ffl.lu\/en\/2024\/09\/merci-rockids-kirchberg\/","og_locale":"en_US","og_type":"article","og_title":"Merci, Rockids Kirchberg ! - Fondation Follereau Luxembourg","og_description":"Remise de ch\u00e8que au sein de la cr\u00e8che et foyer de jour Rockids Kirchberg Au profit du projet de lutte contre la traite des enfants au nord du B\u00e9nin Le [&hellip;]","og_url":"https:\/\/ffl.lu\/en\/2024\/09\/merci-rockids-kirchberg\/","og_site_name":"Fondation Follereau Luxembourg","article_published_time":"2024-09-02T12:48:26+00:00","article_modified_time":"2024-10-21T12:49:54+00:00","og_image":[{"width":828,"height":828,"url":"https:\/\/ffl.lu\/wp-content\/uploads\/2024\/10\/IMG_1042-828x828-c-default.jpeg","type":"image\/jpeg"}],"author":"Mathias","twitter_card":"summary_large_image","twitter_misc":{"Written by":"Mathias","Est. reading time":"2 minutes"},"schema":{"@context":"https:\/\/schema.org","@graph":[{"@type":"Article","@id":"https:\/\/ffl.lu\/en\/2024\/09\/merci-rockids-kirchberg\/#article","isPartOf":{"@id":"https:\/\/ffl.lu\/en\/2024\/09\/merci-rockids-kirchberg\/"},"author":{"name":"Mathias","@id":"https:\/\/ffl.lu\/en\/#\/schema\/person\/a4c4245a3bf8377ffe249b57ec9219ed"},"headline":"Merci, Rockids Kirchberg !","datePublished":"2024-09-02T12:48:26+00:00","dateModified":"2024-10-21T12:49:54+00:00","mainEntityOfPage":{"@id":"https:\/\/ffl.lu\/en\/2024\/09\/merci-rockids-kirchberg\/"},"wordCount":264,"image":{"@id":"https:\/\/ffl.lu\/en\/2024\/09\/merci-rockids-kirchberg\/#primaryimage"},"thumbnailUrl":"https:\/\/ffl.lu\/wp-content\/uploads\/2024\/10\/IMG_1042-828x828-c-default.jpeg","articleSection":["Non classifi\u00e9(e)"],"inLanguage":"en-US"},{"@type":"WebPage","@id":"https:\/\/ffl.lu\/en\/2024\/09\/merci-rockids-kirchberg\/","url":"https:\/\/ffl.lu\/en\/2024\/09\/merci-rockids-kirchberg\/","name":"Merci, Rockids Kirchberg ! - Fondation Follereau Luxembourg","isPartOf":{"@id":"https:\/\/ffl.lu\/en\/#website"},"primaryImageOfPage":{"@id":"https:\/\/ffl.lu\/en\/2024\/09\/merci-rockids-kirchberg\/#primaryimage"},"image":{"@id":"https:\/\/ffl.lu\/en\/2024\/09\/merci-rockids-kirchberg\/#primaryimage"},"thumbnailUrl":"https:\/\/ffl.lu\/wp-content\/uploads\/2024\/10\/IMG_1042-828x828-c-default.jpeg","datePublished":"2024-09-02T12:48:26+00:00","dateModified":"2024-10-21T12:49:54+00:00","author":{"@id":"https:\/\/ffl.lu\/en\/#\/schema\/person\/a4c4245a3bf8377ffe249b57ec9219ed"},"breadcrumb":{"@id":"https:\/\/ffl.lu\/en\/2024\/09\/merci-rockids-kirchberg\/#breadcrumb"},"inLanguage":"en-US","potentialAction":[{"@type":"ReadAction","target":["https:\/\/ffl.lu\/en\/2024\/09\/merci-rockids-kirchberg\/"]}]},{"@type":"ImageObject","inLanguage":"en-US","@id":"https:\/\/ffl.lu\/en\/2024\/09\/merci-rockids-kirchberg\/#primaryimage","url":"https:\/\/ffl.lu\/wp-content\/uploads\/2024\/10\/IMG_1042-828x828-c-default.jpeg","contentUrl":"https:\/\/ffl.lu\/wp-content\/uploads\/2024\/10\/IMG_1042-828x828-c-default.jpeg","width":828,"height":828},{"@type":"BreadcrumbList","@id":"https:\/\/ffl.lu\/en\/2024\/09\/merci-rockids-kirchberg\/#breadcrumb","itemListElement":[{"@type":"ListItem","position":1,"name":"Home","item":"https:\/\/ffl.lu\/en\/"},{"@type":"ListItem","position":2,"name":"Merci, Rockids Kirchberg !"}]},{"@type":"WebSite","@id":"https:\/\/ffl.lu\/en\/#website","url":"https:\/\/ffl.lu\/en\/","name":"Fondation Follereau Luxembourg","description":"If you want to go fast, go alone. If you want to go far, go together.","potentialAction":[{"@type":"SearchAction","target":{"@type":"EntryPoint","urlTemplate":"https:\/\/ffl.lu\/en\/?s={search_term_string}"},"query-input":{"@type":"PropertyValueSpecification","valueRequired":true,"valueName":"search_term_string"}}],"inLanguage":"en-US"},{"@type":"Person","@id":"https:\/\/ffl.lu\/en\/#\/schema\/person\/a4c4245a3bf8377ffe249b57ec9219ed","name":"Mathias","image":{"@type":"ImageObject","inLanguage":"en-US","@id":"https:\/\/ffl.lu\/en\/#\/schema\/person\/image\/","url":"https:\/\/secure.gravatar.com\/avatar\/72e50a682b4d0c4b82ef519010d36715709617cad812c793ad21ba6150620f55?s=96&d=mm&r=g","contentUrl":"https:\/\/secure.gravatar.com\/avatar\/72e50a682b4d0c4b82ef519010d36715709617cad812c793ad21ba6150620f55?s=96&d=mm&r=g","caption":"Mathias"},"sameAs":["http:\/\/www.intrepide.lu"],"url":"https:\/\/ffl.lu\/en\/author\/mat\/"}]}},"_links":{"self":[{"href":"https:\/\/ffl.lu\/en\/wp-json\/wp\/v2\/posts\/7310","targetHints":{"allow":["GET"]}}],"collection":[{"href":"https:\/\/ffl.lu\/en\/wp-json\/wp\/v2\/posts"}],"about":[{"href":"https:\/\/ffl.lu\/en\/wp-json\/wp\/v2\/types\/post"}],"author":[{"embeddable":true,"href":"https:\/\/ffl.lu\/en\/wp-json\/wp\/v2\/users\/4"}],"replies":[{"embeddable":true,"href":"https:\/\/ffl.lu\/en\/wp-json\/wp\/v2\/comments?post=7310"}],"version-history":[{"count":1,"href":"https:\/\/ffl.lu\/en\/wp-json\/wp\/v2\/posts\/7310\/revisions"}],"predecessor-version":[{"id":7314,"href":"https:\/\/ffl.lu\/en\/wp-json\/wp\/v2\/posts\/7310\/revisions\/7314"}],"wp:featuredmedia":[{"embeddable":true,"href":"https:\/\/ffl.lu\/en\/wp-json\/wp\/v2\/media\/7311"}],"wp:attachment":[{"href":"https:\/\/ffl.lu\/en\/wp-json\/wp\/v2\/media?parent=7310"}],"wp:term":[{"taxonomy":"category","embeddable":true,"href":"https:\/\/ffl.lu\/en\/wp-json\/wp\/v2\/categories?post=7310"},{"taxonomy":"post_tag","embeddable":true,"href":"https:\/\/ffl.lu\/en\/wp-json\/wp\/v2\/tags?post=7310"}],"curies":[{"name":"wp","href":"https:\/\/api.w.org\/{rel}","templated":true}]}}