{"id":6581,"date":"2024-07-16T09:31:36","date_gmt":"2024-07-16T07:31:36","guid":{"rendered":"https:\/\/ffl.lu\/2024\/07\/nach-dem-regen\/"},"modified":"2024-09-02T11:13:38","modified_gmt":"2024-09-02T09:13:38","slug":"nach-dem-regen","status":"publish","type":"post","link":"https:\/\/ffl.lu\/de\/2024\/07\/nach-dem-regen\/","title":{"rendered":"Nach dem Regen"},"content":{"rendered":"\n<blockquote class=\"wp-block-quote is-layout-flow wp-block-quote-is-layout-flow\">\n<p>Man bringt die Rose zum Erbl\u00fchen, indem man an sie glaubt <\/p>\n<cite>Anatole France<\/cite><\/blockquote>\n\n<p><strong>Bei der Fondation Follereau Luxembourg achten wir sehr darauf, dass die von uns unterst\u00fctzten Projekte auf Bed\u00fcrfnissen der lokalen Bev\u00f6lkerung aufgebaut werden. Die Projekte bestehen f\u00fcr und von der Gemeinschaft, wodurch ihre Wirkung und Nachhaltigkeit gew\u00e4hrleistet werden kann.<\/strong><\/p>\n\n<p>Zusammen mit der R-FFL, unserer formellen Vertretung in Benin, sind wir insbesondere in den Bereichen Gesundheit, Bildung und Schutz, immer mit dem Ziel die Bev\u00f6lkerung zu st\u00e4rken, aktiv . Um den lokalen Bed\u00fcrfnissen noch besser gerecht zu werden, haben wir 2022 ein <a href=\"https:\/\/ffl.lu\/de\/projekte\/bildung\/foerderung-von-arbeitsplaetzen-auf-dem-land\/\" target=\"_blank\" rel=\"noopener\">neues Projekt<\/a> zur Schaffung von Arbeitspl\u00e4tzen in l\u00e4ndlichen Gebieten ins Leben gerufen.<\/p>\n\n<p><strong>In Benin ist die Landwirtschaft eine der wichtigsten Einkommensquellen.<\/strong> In l\u00e4ndlichen Gebieten k\u00f6nnen kleine Familienstrukturen aufgrund unzureichender Mittel, fehlendem Zugang zu spezialisierter Ausbildung und schlechter Ausstattung nicht die volle Nutzung der zur Verf\u00fcgung stehenden nat\u00fcrlichen Ressourcen sowie die Verarbeitung ihrer Produkte erreichen.<\/p>\n\n<p>Die jungen Menschen, die auf der Suche nach finanzieller Unabh\u00e4ngigkeit sind, ziehen auf Grund der Arbeitssuche in die St\u00e4dte, was zu einer Beeintr\u00e4chtigung der Entwicklung ihres Dorfes f\u00fchrt, das jedoch \u00fcber ein echtes landwirtschaftliches Potenzial verf\u00fcgt<\/p>\n\n<p>Um der Abwanderung der Jugend entgegenzuwirken und die lokale Landwirtschaft zu f\u00f6rdern, haben die Stiftung, die R-FFL und die ONG Alternative Verte als Fachpartner ein Projekt f\u00fcr Jugendliche, Frauen und landwirtschaftliche Genossenschaften, die in der Gemeinde Tori-Bossito im Departement Atlantique Ananas und Gem\u00fcse anbauen, ausgearbeitet und anschlie\u00dfend umgesetzt.<\/p>\n\n<p><strong>Durch Fortbildungen zur St\u00e4rkung vom landwirtschaftlichen Know-how und von unternehmerischen F\u00e4higkeiten<\/strong> wird das Projekt nicht nur das Einkommen aus der Produktion steigern, sondern auch zur Entwicklung der lokalen Wirtschaft beitragen und somit Arbeitspl\u00e4tze schaffen.<\/p>\n\n<p>Im Jahr 2023 haben sich 223 M\u00e4nner und Frauen in der Schule f\u00fcr landwirtschaftliches Unternehmertum (EEA, Ecole d\u2019entrepreneuriat agricole) f\u00fcr nachhaltige landwirtschaftliche Ananasanbauverfahren ausbilden lassen. Angesichts der anhaltenden Verschlechterung der B\u00f6den, greifen die Bauer massiv zum Einsatz von chemischen D\u00fcngemitteln. Die Projektteilnehmer werden deswegen unter anderem in nachhaltiger Landbewirtschaftung und der Produktion von organischen D\u00fcngemitteln (Kompost) geschult.<\/p>\n\n<p>Seit Beginn des Projektes wurden auch verschiedene Strukturen f\u00fcr <strong>Fisch<\/strong>-, <strong>Gem\u00fcse<\/strong>&#8211; und <strong>Gefl\u00fcgelzucht<\/strong> installiert. Zwei Wasserspeichertanks, einer Solarpumpe, Solarpanels und ein Bew\u00e4sserungssystem sorgen f\u00fcr ein nachhaltiges Ressourcenmanagement auf dem Gel\u00e4nde des Projektes. Dieses Brachland hat sich sehr schnell in ein kleines Paradies auf Erden verwandelt, in dem die Plantagen und zuk\u00fcnftige Projekte zusehends wachsen.<\/p>\n\n<p><strong>Die rasante Entwicklung des Projekts unterstreicht die Wichtigkeit, auf den vor Ort bestehenden Bedarf mit lokalen L\u00f6sungen zu reagieren.<\/strong><\/p>\n\n<p><a href=\"https:\/\/janette.lu\/strongfondation-follereau-lempowerment-cle-de-lautonomisation-strong\/\" target=\"_blank\" rel=\"noopener\">Lesen Sie zu diesem Thema den Artikel in der Zeitschrift Janette.<\/a><\/p>\n\n<p><a href=\"https:\/\/ffl.lu\/de\/projekte\/bildung\/foerderung-von-arbeitsplaetzen-auf-dem-land\/\" target=\"_blank\" rel=\"noopener\">Wenn Sie dieses Projekt ebenfalls unterst\u00fctzen m\u00f6chten, <strong>klicken Sie bitte hier.<\/strong><\/a><\/p>\n","protected":false},"excerpt":{"rendered":"<p>Man bringt die Rose zum Erbl\u00fchen, indem man an sie glaubt Anatole France Bei der Fondation Follereau Luxembourg achten wir sehr darauf, dass die von uns unterst\u00fctzten Projekte auf Bed\u00fcrfnissen [&hellip;]<\/p>\n","protected":false},"author":6,"featured_media":6520,"comment_status":"closed","ping_status":"closed","sticky":false,"template":"","format":"standard","meta":{"_acf_changed":false,"footnotes":""},"categories":[634],"tags":[598,1081,1229,540,1285,1122,1123,593,832,1093],"class_list":["post-6581","post","type-post","status-publish","format-standard","has-post-thumbnail","hentry","category-projets-de","tag-benin-de","tag-bildung","tag-education-3","tag-fondation-follereau-de","tag-landwirtschaft","tag-non-classifiee-de-12","tag-non-classifiee-de-13","tag-ong-de","tag-r-ffl-de","tag-solidaritat"],"acf":[],"yoast_head":"<!-- This site is optimized with the Yoast SEO plugin v27.1.1 - https:\/\/yoast.com\/product\/yoast-seo-wordpress\/ -->\n<title>Nach dem Regen - Fondation Follereau Luxembourg<\/title>\n<meta name=\"robots\" content=\"index, follow, max-snippet:-1, max-image-preview:large, max-video-preview:-1\" \/>\n<link rel=\"canonical\" href=\"https:\/\/ffl.lu\/de\/2024\/07\/nach-dem-regen\/\" \/>\n<meta property=\"og:locale\" content=\"de_DE\" \/>\n<meta property=\"og:type\" content=\"article\" \/>\n<meta property=\"og:title\" content=\"Nach dem Regen - Fondation Follereau Luxembourg\" \/>\n<meta property=\"og:description\" content=\"Man bringt die Rose zum Erbl\u00fchen, indem man an sie glaubt Anatole France Bei der Fondation Follereau Luxembourg achten wir sehr darauf, dass die von uns unterst\u00fctzten Projekte auf Bed\u00fcrfnissen [&hellip;]\" \/>\n<meta property=\"og:url\" content=\"https:\/\/ffl.lu\/de\/2024\/07\/nach-dem-regen\/\" \/>\n<meta property=\"og:site_name\" content=\"Fondation Follereau Luxembourg\" \/>\n<meta property=\"article:published_time\" content=\"2024-07-16T07:31:36+00:00\" \/>\n<meta property=\"article:modified_time\" content=\"2024-09-02T09:13:38+00:00\" \/>\n<meta property=\"og:image\" content=\"https:\/\/ffl.lu\/wp-content\/uploads\/2024\/06\/Visite-du-domaine-du-ProPer-47.jpeg\" \/>\n\t<meta property=\"og:image:width\" content=\"1536\" \/>\n\t<meta property=\"og:image:height\" content=\"2048\" \/>\n\t<meta property=\"og:image:type\" content=\"image\/jpeg\" \/>\n<meta name=\"author\" content=\"Aur\u00e9lie Costantini\" \/>\n<meta name=\"twitter:card\" content=\"summary_large_image\" \/>\n<meta name=\"twitter:label1\" content=\"Verfasst von\" \/>\n\t<meta name=\"twitter:data1\" content=\"Aur\u00e9lie Costantini\" \/>\n\t<meta name=\"twitter:label2\" content=\"Gesch\u00e4tzte Lesezeit\" \/>\n\t<meta name=\"twitter:data2\" content=\"2\u00a0Minuten\" \/>\n<script type=\"application\/ld+json\" class=\"yoast-schema-graph\">{\"@context\":\"https:\/\/schema.org\",\"@graph\":[{\"@type\":\"Article\",\"@id\":\"https:\/\/ffl.lu\/de\/2024\/07\/nach-dem-regen\/#article\",\"isPartOf\":{\"@id\":\"https:\/\/ffl.lu\/de\/2024\/07\/nach-dem-regen\/\"},\"author\":{\"name\":\"Aur\u00e9lie Costantini\",\"@id\":\"https:\/\/ffl.lu\/de\/#\/schema\/person\/d569fb3449bcd83b8c1ae0e2d08496ea\"},\"headline\":\"Nach dem Regen\",\"datePublished\":\"2024-07-16T07:31:36+00:00\",\"dateModified\":\"2024-09-02T09:13:38+00:00\",\"mainEntityOfPage\":{\"@id\":\"https:\/\/ffl.lu\/de\/2024\/07\/nach-dem-regen\/\"},\"wordCount\":460,\"image\":{\"@id\":\"https:\/\/ffl.lu\/de\/2024\/07\/nach-dem-regen\/#primaryimage\"},\"thumbnailUrl\":\"https:\/\/ffl.lu\/wp-content\/uploads\/2024\/06\/Visite-du-domaine-du-ProPer-47.jpeg\",\"keywords\":[\"Benin\",\"Bildung\",\"\u00e9ducation\",\"Fondation Follereau\",\"Landwirtschaft\",\"Non classifi\u00e9(e)\",\"Non classifi\u00e9(e)\",\"ONG\",\"R-FFL\",\"Solidarit\u00e4t\"],\"articleSection\":[\"Projets\"],\"inLanguage\":\"de\"},{\"@type\":\"WebPage\",\"@id\":\"https:\/\/ffl.lu\/de\/2024\/07\/nach-dem-regen\/\",\"url\":\"https:\/\/ffl.lu\/de\/2024\/07\/nach-dem-regen\/\",\"name\":\"Nach dem Regen - Fondation Follereau Luxembourg\",\"isPartOf\":{\"@id\":\"https:\/\/ffl.lu\/de\/#website\"},\"primaryImageOfPage\":{\"@id\":\"https:\/\/ffl.lu\/de\/2024\/07\/nach-dem-regen\/#primaryimage\"},\"image\":{\"@id\":\"https:\/\/ffl.lu\/de\/2024\/07\/nach-dem-regen\/#primaryimage\"},\"thumbnailUrl\":\"https:\/\/ffl.lu\/wp-content\/uploads\/2024\/06\/Visite-du-domaine-du-ProPer-47.jpeg\",\"datePublished\":\"2024-07-16T07:31:36+00:00\",\"dateModified\":\"2024-09-02T09:13:38+00:00\",\"author\":{\"@id\":\"https:\/\/ffl.lu\/de\/#\/schema\/person\/d569fb3449bcd83b8c1ae0e2d08496ea\"},\"breadcrumb\":{\"@id\":\"https:\/\/ffl.lu\/de\/2024\/07\/nach-dem-regen\/#breadcrumb\"},\"inLanguage\":\"de\",\"potentialAction\":[{\"@type\":\"ReadAction\",\"target\":[\"https:\/\/ffl.lu\/de\/2024\/07\/nach-dem-regen\/\"]}]},{\"@type\":\"ImageObject\",\"inLanguage\":\"de\",\"@id\":\"https:\/\/ffl.lu\/de\/2024\/07\/nach-dem-regen\/#primaryimage\",\"url\":\"https:\/\/ffl.lu\/wp-content\/uploads\/2024\/06\/Visite-du-domaine-du-ProPer-47.jpeg\",\"contentUrl\":\"https:\/\/ffl.lu\/wp-content\/uploads\/2024\/06\/Visite-du-domaine-du-ProPer-47.jpeg\",\"width\":1536,\"height\":2048},{\"@type\":\"BreadcrumbList\",\"@id\":\"https:\/\/ffl.lu\/de\/2024\/07\/nach-dem-regen\/#breadcrumb\",\"itemListElement\":[{\"@type\":\"ListItem\",\"position\":1,\"name\":\"Home\",\"item\":\"https:\/\/ffl.lu\/de\/\"},{\"@type\":\"ListItem\",\"position\":2,\"name\":\"Nach dem Regen\"}]},{\"@type\":\"WebSite\",\"@id\":\"https:\/\/ffl.lu\/de\/#website\",\"url\":\"https:\/\/ffl.lu\/de\/\",\"name\":\"Fondation Follereau Luxembourg\",\"description\":\"Tout seul, on va vite. Ensemble, on va plus loin\",\"potentialAction\":[{\"@type\":\"SearchAction\",\"target\":{\"@type\":\"EntryPoint\",\"urlTemplate\":\"https:\/\/ffl.lu\/de\/?s={search_term_string}\"},\"query-input\":{\"@type\":\"PropertyValueSpecification\",\"valueRequired\":true,\"valueName\":\"search_term_string\"}}],\"inLanguage\":\"de\"},{\"@type\":\"Person\",\"@id\":\"https:\/\/ffl.lu\/de\/#\/schema\/person\/d569fb3449bcd83b8c1ae0e2d08496ea\",\"name\":\"Aur\u00e9lie Costantini\",\"image\":{\"@type\":\"ImageObject\",\"inLanguage\":\"de\",\"@id\":\"https:\/\/ffl.lu\/de\/#\/schema\/person\/image\/\",\"url\":\"https:\/\/secure.gravatar.com\/avatar\/c7275b9ef115a36957d7f3e9d56b8f9fedd5130d8f87e7ab70c78927c56d3944?s=96&d=mm&r=g\",\"contentUrl\":\"https:\/\/secure.gravatar.com\/avatar\/c7275b9ef115a36957d7f3e9d56b8f9fedd5130d8f87e7ab70c78927c56d3944?s=96&d=mm&r=g\",\"caption\":\"Aur\u00e9lie Costantini\"},\"sameAs\":[\"https:\/\/www.ffl.lu\"],\"url\":\"https:\/\/ffl.lu\/de\/author\/aurelie\/\"}]}<\/script>\n<!-- \/ Yoast SEO plugin. -->","yoast_head_json":{"title":"Nach dem Regen - Fondation Follereau Luxembourg","robots":{"index":"index","follow":"follow","max-snippet":"max-snippet:-1","max-image-preview":"max-image-preview:large","max-video-preview":"max-video-preview:-1"},"canonical":"https:\/\/ffl.lu\/de\/2024\/07\/nach-dem-regen\/","og_locale":"de_DE","og_type":"article","og_title":"Nach dem Regen - Fondation Follereau Luxembourg","og_description":"Man bringt die Rose zum Erbl\u00fchen, indem man an sie glaubt Anatole France Bei der Fondation Follereau Luxembourg achten wir sehr darauf, dass die von uns unterst\u00fctzten Projekte auf Bed\u00fcrfnissen [&hellip;]","og_url":"https:\/\/ffl.lu\/de\/2024\/07\/nach-dem-regen\/","og_site_name":"Fondation Follereau Luxembourg","article_published_time":"2024-07-16T07:31:36+00:00","article_modified_time":"2024-09-02T09:13:38+00:00","og_image":[{"width":1536,"height":2048,"url":"https:\/\/ffl.lu\/wp-content\/uploads\/2024\/06\/Visite-du-domaine-du-ProPer-47.jpeg","type":"image\/jpeg"}],"author":"Aur\u00e9lie Costantini","twitter_card":"summary_large_image","twitter_misc":{"Verfasst von":"Aur\u00e9lie Costantini","Gesch\u00e4tzte Lesezeit":"2\u00a0Minuten"},"schema":{"@context":"https:\/\/schema.org","@graph":[{"@type":"Article","@id":"https:\/\/ffl.lu\/de\/2024\/07\/nach-dem-regen\/#article","isPartOf":{"@id":"https:\/\/ffl.lu\/de\/2024\/07\/nach-dem-regen\/"},"author":{"name":"Aur\u00e9lie Costantini","@id":"https:\/\/ffl.lu\/de\/#\/schema\/person\/d569fb3449bcd83b8c1ae0e2d08496ea"},"headline":"Nach dem Regen","datePublished":"2024-07-16T07:31:36+00:00","dateModified":"2024-09-02T09:13:38+00:00","mainEntityOfPage":{"@id":"https:\/\/ffl.lu\/de\/2024\/07\/nach-dem-regen\/"},"wordCount":460,"image":{"@id":"https:\/\/ffl.lu\/de\/2024\/07\/nach-dem-regen\/#primaryimage"},"thumbnailUrl":"https:\/\/ffl.lu\/wp-content\/uploads\/2024\/06\/Visite-du-domaine-du-ProPer-47.jpeg","keywords":["Benin","Bildung","\u00e9ducation","Fondation Follereau","Landwirtschaft","Non classifi\u00e9(e)","Non classifi\u00e9(e)","ONG","R-FFL","Solidarit\u00e4t"],"articleSection":["Projets"],"inLanguage":"de"},{"@type":"WebPage","@id":"https:\/\/ffl.lu\/de\/2024\/07\/nach-dem-regen\/","url":"https:\/\/ffl.lu\/de\/2024\/07\/nach-dem-regen\/","name":"Nach dem Regen - Fondation Follereau Luxembourg","isPartOf":{"@id":"https:\/\/ffl.lu\/de\/#website"},"primaryImageOfPage":{"@id":"https:\/\/ffl.lu\/de\/2024\/07\/nach-dem-regen\/#primaryimage"},"image":{"@id":"https:\/\/ffl.lu\/de\/2024\/07\/nach-dem-regen\/#primaryimage"},"thumbnailUrl":"https:\/\/ffl.lu\/wp-content\/uploads\/2024\/06\/Visite-du-domaine-du-ProPer-47.jpeg","datePublished":"2024-07-16T07:31:36+00:00","dateModified":"2024-09-02T09:13:38+00:00","author":{"@id":"https:\/\/ffl.lu\/de\/#\/schema\/person\/d569fb3449bcd83b8c1ae0e2d08496ea"},"breadcrumb":{"@id":"https:\/\/ffl.lu\/de\/2024\/07\/nach-dem-regen\/#breadcrumb"},"inLanguage":"de","potentialAction":[{"@type":"ReadAction","target":["https:\/\/ffl.lu\/de\/2024\/07\/nach-dem-regen\/"]}]},{"@type":"ImageObject","inLanguage":"de","@id":"https:\/\/ffl.lu\/de\/2024\/07\/nach-dem-regen\/#primaryimage","url":"https:\/\/ffl.lu\/wp-content\/uploads\/2024\/06\/Visite-du-domaine-du-ProPer-47.jpeg","contentUrl":"https:\/\/ffl.lu\/wp-content\/uploads\/2024\/06\/Visite-du-domaine-du-ProPer-47.jpeg","width":1536,"height":2048},{"@type":"BreadcrumbList","@id":"https:\/\/ffl.lu\/de\/2024\/07\/nach-dem-regen\/#breadcrumb","itemListElement":[{"@type":"ListItem","position":1,"name":"Home","item":"https:\/\/ffl.lu\/de\/"},{"@type":"ListItem","position":2,"name":"Nach dem Regen"}]},{"@type":"WebSite","@id":"https:\/\/ffl.lu\/de\/#website","url":"https:\/\/ffl.lu\/de\/","name":"Fondation Follereau Luxembourg","description":"Tout seul, on va vite. Ensemble, on va plus loin","potentialAction":[{"@type":"SearchAction","target":{"@type":"EntryPoint","urlTemplate":"https:\/\/ffl.lu\/de\/?s={search_term_string}"},"query-input":{"@type":"PropertyValueSpecification","valueRequired":true,"valueName":"search_term_string"}}],"inLanguage":"de"},{"@type":"Person","@id":"https:\/\/ffl.lu\/de\/#\/schema\/person\/d569fb3449bcd83b8c1ae0e2d08496ea","name":"Aur\u00e9lie Costantini","image":{"@type":"ImageObject","inLanguage":"de","@id":"https:\/\/ffl.lu\/de\/#\/schema\/person\/image\/","url":"https:\/\/secure.gravatar.com\/avatar\/c7275b9ef115a36957d7f3e9d56b8f9fedd5130d8f87e7ab70c78927c56d3944?s=96&d=mm&r=g","contentUrl":"https:\/\/secure.gravatar.com\/avatar\/c7275b9ef115a36957d7f3e9d56b8f9fedd5130d8f87e7ab70c78927c56d3944?s=96&d=mm&r=g","caption":"Aur\u00e9lie Costantini"},"sameAs":["https:\/\/www.ffl.lu"],"url":"https:\/\/ffl.lu\/de\/author\/aurelie\/"}]}},"_links":{"self":[{"href":"https:\/\/ffl.lu\/de\/wp-json\/wp\/v2\/posts\/6581","targetHints":{"allow":["GET"]}}],"collection":[{"href":"https:\/\/ffl.lu\/de\/wp-json\/wp\/v2\/posts"}],"about":[{"href":"https:\/\/ffl.lu\/de\/wp-json\/wp\/v2\/types\/post"}],"author":[{"embeddable":true,"href":"https:\/\/ffl.lu\/de\/wp-json\/wp\/v2\/users\/6"}],"replies":[{"embeddable":true,"href":"https:\/\/ffl.lu\/de\/wp-json\/wp\/v2\/comments?post=6581"}],"version-history":[{"count":5,"href":"https:\/\/ffl.lu\/de\/wp-json\/wp\/v2\/posts\/6581\/revisions"}],"predecessor-version":[{"id":6586,"href":"https:\/\/ffl.lu\/de\/wp-json\/wp\/v2\/posts\/6581\/revisions\/6586"}],"wp:featuredmedia":[{"embeddable":true,"href":"https:\/\/ffl.lu\/de\/wp-json\/wp\/v2\/media\/6520"}],"wp:attachment":[{"href":"https:\/\/ffl.lu\/de\/wp-json\/wp\/v2\/media?parent=6581"}],"wp:term":[{"taxonomy":"category","embeddable":true,"href":"https:\/\/ffl.lu\/de\/wp-json\/wp\/v2\/categories?post=6581"},{"taxonomy":"post_tag","embeddable":true,"href":"https:\/\/ffl.lu\/de\/wp-json\/wp\/v2\/tags?post=6581"}],"curies":[{"name":"wp","href":"https:\/\/api.w.org\/{rel}","templated":true}]}}