{"id":6495,"date":"2024-04-05T15:26:15","date_gmt":"2024-04-05T13:26:15","guid":{"rendered":"https:\/\/ffl.lu\/2024\/04\/wissendurst\/"},"modified":"2024-04-05T15:26:18","modified_gmt":"2024-04-05T13:26:18","slug":"wissendurst","status":"publish","type":"post","link":"https:\/\/ffl.lu\/de\/2024\/04\/wissendurst\/","title":{"rendered":"Wissendurst?"},"content":{"rendered":"\n<p><strong>Wissen Sie, was Epistemophiler ist? Es handelt sich um eine Person, die &#8222;einen uners\u00e4ttlichen Wissensdurst hat und danach strebt, ihr Wissen in allen Bereichen zu erweitern&#8220;. Die folgenden Abs\u00e4tze haben zum Ziel, Ihren Durst nach einigen Alltagskenntnissen zu stillen.<\/strong><\/p>\n\n<p>Sie wissen sicherlich, dass <strong>72%<\/strong> der Erdoberfl\u00e4che von Wasser bedeckt sind. Aber wussten Sie, dass mehr als <strong>2 Milliarden<\/strong> Menschen ohne sauberes Wasser leben, darunter 418 Millionen in Afrika? Diese kostbare Ressource des t\u00e4glichen Lebens, auf die niemand verzichten k\u00f6nnte und die dennoch so vielen Bev\u00f6lkerungsgruppen fehlt.<\/p>\n\n<p>Kennen Sie auch den Begriff <strong>des virtuellen Wassers<\/strong>? Diese Bezeichnung bezieht sich auf die Menge an Wasser, die indirekt bei der Herstellung eines Produkts oder einer Dienstleistung verwendet wird, und erm\u00f6glicht es, die Gesamtwasserspur eines Produkts oder einer Aktivit\u00e4t zu ber\u00fccksichtigen.<\/p>\n\n<p>Zum Beispiel, wieviel Wasser steckt Ihrer Meinung nach in einer Jeans? Das entspricht<strong> dem Wasserverbrauch einer vierk\u00f6pfigen Familie f\u00fcr 3 Wochen<\/strong>, also 11.000 Litern Wasser. Tats\u00e4chlich betr\u00e4gt der durchschnittliche t\u00e4gliche Wasserverbrauch einer Person im Schnitt 170 Liter, von denen <strong>nur 3<\/strong> zum Trinken und Kochen verwendet werden. Der Rest wird f\u00fcr Hygiene, Haushalt, Toilettensp\u00fclung, Autow\u00e4sche usw. verwendet&#8230;<\/p>\n\n<p>In Togo haben <strong>43% der Bev\u00f6lkerung keinen Zugang zu sauberem Trinkwasser<\/strong>, w\u00e4hrend dieser Anteil in l\u00e4ndlichen Gebieten auf 60% steigt. Nur Lom\u00e9 und die Hauptst\u00e4dte der Pr\u00e4fekturen werden durch Leitungswasser versorgt. Anderswo beziehen Gemeinden ihr Wasser aus verschmutzten Fl\u00fcssen und ungesch\u00fctzten Brunnen. Frauen und M\u00e4dchen m\u00fcssen manchmal drei Stunden zu Fu\u00df zur\u00fccklegen, um Wasser zu finden, w\u00e4hrend sie einen 20-Liter-Kanister auf dem Kopf tragen.<\/p>\n\n<p>Die Verwendung dieses verschmutzten Wassers f\u00fchrt zu vielen <strong>Krankheiten<\/strong> wie Cholera oder Typhus. Mehr als die H\u00e4lfte der Gr\u00fcnde f\u00fcr medizinische Beratungen in Gesundheitszentren in l\u00e4ndlichen Gebieten sind auf den Konsum und die Verwendung dieses verschmutzten Wassers zur\u00fcckzuf\u00fchren.<\/p>\n\n<p>Eines der Ziele der Vereinten Nationen im Rahmen der Agenda 2030 ist es, <strong>einen universellen und gerechten Zugang zu sauberem Trinkwasser zu einem erschwinglichen Preis zu gew\u00e4hrleisten<\/strong>. Seit 2014 unterst\u00fctzt die Fondation Follereau Luxembourg durch die Association des Amis Togolais de la FFL (AAT-FFL) ein Gesundheitsprogramm in den Regionen Maritime und Plateaux, das unter anderem WASH-Aktivit\u00e4ten (Zugang zu Wasser, Sanit\u00e4rversorgung und Hygiene) umfasst.<\/p>\n\n<p>Um zur Verbesserung der <strong>Gesundheitsversorgung<\/strong> in diesen Regionen beizutragen, entstehen dank dieses Programms Gesundheitszentren, das auch die Kenntnisse guter <strong>Hygienepraktiken<\/strong> f\u00f6rdern soll. Zu diesem Zweck umfasst es unter anderem:<\/p>\n\n<ul class=\"wp-block-list\">\n<li>Aufkl\u00e4rungsaktivit\u00e4ten in Schulen, die die Gesundheitszentren des Projekts umgeben,<\/li>\n\n\n\n<li>sowie die Ausstattung dieser Einrichtungen mit Latrinen, Handwaschvorrichtungen, handbetriebenen Brunnen&#8230;<\/li>\n<\/ul>\n\n<p><em>Im Durchschnitt wird jedes Jahr ein von Solarenergie betriebener Brunnen in einem Gesundheitszentrum und ein handbetriebener Brunnen in einem Dorfschulgeb\u00e4ude gebaut.<\/em><\/p>\n\n<p>Die Sch\u00fcler, Lehrer und Eltern werden so zu \u00dcbermittlern guter pr\u00e4ventiver Hygienepraktiken; w\u00e4hrend diese Einrichtungen nicht nur den Schulen und lokalen Gesundheitseinrichtungen zugutekommen, sondern auch den Bewohnern der umliegenden D\u00f6rfer. Die Gemeinden haben somit Zugang zu sauberem Trinkwasser, etwas, das wir manchmal vielleicht als selbstverst\u00e4ndlich betrachten.<\/p>\n\n<h3 class=\"wp-block-heading\">Und Sie, was k\u00f6nnen Sie bereits im Alltag tun?<\/h3>\n\n<ol class=\"wp-block-list\">\n<li>Wasser aus dem Wasserhahn trinken.<\/li>\n\n\n\n<li>Eine Dusche anstelle eines Bades nehmen.<\/li>\n\n\n\n<li>Stellen Sie sicher, dass Sie den Geschirrsp\u00fcler vollst\u00e4ndig f\u00fcllen, bevor Sie ihn einschalten.<\/li>\n\n\n\n<li>Eine Zisterne mit Regenwasser installieren, f\u00fcr Toiletten, Waschmaschine oder Garten.<\/li>\n\n\n\n<li>Konsumieren Sie bewusster (bevorzugen Sie beispielsweise Second-Hand-Kleidung).<\/li>\n<\/ol>\n\n<p><a href=\"https:\/\/ffl.lu\/de\/projekte\/gesundheit\/gemeinschaftliches-gesundheitsprogramm-togo\/\">Sie k\u00f6nnen dieses Projekt auch unterst\u00fctzen, indem Sie hier klicken<\/a>.<\/p>\n","protected":false},"excerpt":{"rendered":"<p>Wissen Sie, was Epistemophiler ist? Es handelt sich um eine Person, die &#8222;einen uners\u00e4ttlichen Wissensdurst hat und danach strebt, ihr Wissen in allen Bereichen zu erweitern&#8220;. Die folgenden Abs\u00e4tze haben [&hellip;]<\/p>\n","protected":false},"author":6,"featured_media":6486,"comment_status":"closed","ping_status":"closed","sticky":false,"template":"","format":"standard","meta":{"_acf_changed":false,"footnotes":""},"categories":[39],"tags":[540,1097,1276,1105,1123,1098,1093,1277,1094],"class_list":["post-6495","post","type-post","status-publish","format-standard","has-post-thumbnail","hentry","category-unkategorisiert","tag-fondation-follereau-de","tag-gesundheit","tag-hygiene-de","tag-non-classifiee-de-4","tag-non-classifiee-de-13","tag-sensibilisierung","tag-solidaritat","tag-wash-de","tag-wasser-de"],"acf":[],"yoast_head":"<!-- This site is optimized with the Yoast SEO plugin v27.1.1 - https:\/\/yoast.com\/product\/yoast-seo-wordpress\/ -->\n<title>Wissendurst? - Fondation Follereau Luxembourg<\/title>\n<meta name=\"robots\" content=\"index, follow, max-snippet:-1, max-image-preview:large, max-video-preview:-1\" \/>\n<link rel=\"canonical\" href=\"https:\/\/ffl.lu\/de\/2024\/04\/wissendurst\/\" \/>\n<meta property=\"og:locale\" content=\"de_DE\" \/>\n<meta property=\"og:type\" content=\"article\" \/>\n<meta property=\"og:title\" content=\"Wissendurst? - Fondation Follereau Luxembourg\" \/>\n<meta property=\"og:description\" content=\"Wissen Sie, was Epistemophiler ist? Es handelt sich um eine Person, die &#8222;einen uners\u00e4ttlichen Wissensdurst hat und danach strebt, ihr Wissen in allen Bereichen zu erweitern&#8220;. Die folgenden Abs\u00e4tze haben [&hellip;]\" \/>\n<meta property=\"og:url\" content=\"https:\/\/ffl.lu\/de\/2024\/04\/wissendurst\/\" \/>\n<meta property=\"og:site_name\" content=\"Fondation Follereau Luxembourg\" \/>\n<meta property=\"article:published_time\" content=\"2024-04-05T13:26:15+00:00\" \/>\n<meta property=\"article:modified_time\" content=\"2024-04-05T13:26:18+00:00\" \/>\n<meta property=\"og:image\" content=\"https:\/\/ffl.lu\/wp-content\/uploads\/2024\/04\/20220413_115302-1024x768.jpg\" \/>\n\t<meta property=\"og:image:width\" content=\"1024\" \/>\n\t<meta property=\"og:image:height\" content=\"768\" \/>\n\t<meta property=\"og:image:type\" content=\"image\/jpeg\" \/>\n<meta name=\"author\" content=\"Aur\u00e9lie Costantini\" \/>\n<meta name=\"twitter:card\" content=\"summary_large_image\" \/>\n<meta name=\"twitter:label1\" content=\"Verfasst von\" \/>\n\t<meta name=\"twitter:data1\" content=\"Aur\u00e9lie Costantini\" \/>\n\t<meta name=\"twitter:label2\" content=\"Gesch\u00e4tzte Lesezeit\" \/>\n\t<meta name=\"twitter:data2\" content=\"3\u00a0Minuten\" \/>\n<script type=\"application\/ld+json\" class=\"yoast-schema-graph\">{\"@context\":\"https:\/\/schema.org\",\"@graph\":[{\"@type\":\"Article\",\"@id\":\"https:\/\/ffl.lu\/de\/2024\/04\/wissendurst\/#article\",\"isPartOf\":{\"@id\":\"https:\/\/ffl.lu\/de\/2024\/04\/wissendurst\/\"},\"author\":{\"name\":\"Aur\u00e9lie Costantini\",\"@id\":\"https:\/\/ffl.lu\/de\/#\/schema\/person\/d569fb3449bcd83b8c1ae0e2d08496ea\"},\"headline\":\"Wissendurst?\",\"datePublished\":\"2024-04-05T13:26:15+00:00\",\"dateModified\":\"2024-04-05T13:26:18+00:00\",\"mainEntityOfPage\":{\"@id\":\"https:\/\/ffl.lu\/de\/2024\/04\/wissendurst\/\"},\"wordCount\":569,\"image\":{\"@id\":\"https:\/\/ffl.lu\/de\/2024\/04\/wissendurst\/#primaryimage\"},\"thumbnailUrl\":\"https:\/\/ffl.lu\/wp-content\/uploads\/2024\/04\/20220413_115302.jpg\",\"keywords\":[\"Fondation Follereau\",\"Gesundheit\",\"Hygiene\",\"Non classifi\u00e9(e)\",\"Non classifi\u00e9(e)\",\"Sensibilisierung\",\"Solidarit\u00e4t\",\"WASH\",\"Wasser\"],\"articleSection\":[\"Unkategorisiert\"],\"inLanguage\":\"de\"},{\"@type\":\"WebPage\",\"@id\":\"https:\/\/ffl.lu\/de\/2024\/04\/wissendurst\/\",\"url\":\"https:\/\/ffl.lu\/de\/2024\/04\/wissendurst\/\",\"name\":\"Wissendurst? - Fondation Follereau Luxembourg\",\"isPartOf\":{\"@id\":\"https:\/\/ffl.lu\/de\/#website\"},\"primaryImageOfPage\":{\"@id\":\"https:\/\/ffl.lu\/de\/2024\/04\/wissendurst\/#primaryimage\"},\"image\":{\"@id\":\"https:\/\/ffl.lu\/de\/2024\/04\/wissendurst\/#primaryimage\"},\"thumbnailUrl\":\"https:\/\/ffl.lu\/wp-content\/uploads\/2024\/04\/20220413_115302.jpg\",\"datePublished\":\"2024-04-05T13:26:15+00:00\",\"dateModified\":\"2024-04-05T13:26:18+00:00\",\"author\":{\"@id\":\"https:\/\/ffl.lu\/de\/#\/schema\/person\/d569fb3449bcd83b8c1ae0e2d08496ea\"},\"breadcrumb\":{\"@id\":\"https:\/\/ffl.lu\/de\/2024\/04\/wissendurst\/#breadcrumb\"},\"inLanguage\":\"de\",\"potentialAction\":[{\"@type\":\"ReadAction\",\"target\":[\"https:\/\/ffl.lu\/de\/2024\/04\/wissendurst\/\"]}]},{\"@type\":\"ImageObject\",\"inLanguage\":\"de\",\"@id\":\"https:\/\/ffl.lu\/de\/2024\/04\/wissendurst\/#primaryimage\",\"url\":\"https:\/\/ffl.lu\/wp-content\/uploads\/2024\/04\/20220413_115302.jpg\",\"contentUrl\":\"https:\/\/ffl.lu\/wp-content\/uploads\/2024\/04\/20220413_115302.jpg\",\"width\":3264,\"height\":2448},{\"@type\":\"BreadcrumbList\",\"@id\":\"https:\/\/ffl.lu\/de\/2024\/04\/wissendurst\/#breadcrumb\",\"itemListElement\":[{\"@type\":\"ListItem\",\"position\":1,\"name\":\"Home\",\"item\":\"https:\/\/ffl.lu\/de\/\"},{\"@type\":\"ListItem\",\"position\":2,\"name\":\"Wissendurst?\"}]},{\"@type\":\"WebSite\",\"@id\":\"https:\/\/ffl.lu\/de\/#website\",\"url\":\"https:\/\/ffl.lu\/de\/\",\"name\":\"Fondation Follereau Luxembourg\",\"description\":\"Tout seul, on va vite. Ensemble, on va plus loin\",\"potentialAction\":[{\"@type\":\"SearchAction\",\"target\":{\"@type\":\"EntryPoint\",\"urlTemplate\":\"https:\/\/ffl.lu\/de\/?s={search_term_string}\"},\"query-input\":{\"@type\":\"PropertyValueSpecification\",\"valueRequired\":true,\"valueName\":\"search_term_string\"}}],\"inLanguage\":\"de\"},{\"@type\":\"Person\",\"@id\":\"https:\/\/ffl.lu\/de\/#\/schema\/person\/d569fb3449bcd83b8c1ae0e2d08496ea\",\"name\":\"Aur\u00e9lie Costantini\",\"image\":{\"@type\":\"ImageObject\",\"inLanguage\":\"de\",\"@id\":\"https:\/\/ffl.lu\/de\/#\/schema\/person\/image\/\",\"url\":\"https:\/\/secure.gravatar.com\/avatar\/c7275b9ef115a36957d7f3e9d56b8f9fedd5130d8f87e7ab70c78927c56d3944?s=96&d=mm&r=g\",\"contentUrl\":\"https:\/\/secure.gravatar.com\/avatar\/c7275b9ef115a36957d7f3e9d56b8f9fedd5130d8f87e7ab70c78927c56d3944?s=96&d=mm&r=g\",\"caption\":\"Aur\u00e9lie Costantini\"},\"sameAs\":[\"https:\/\/www.ffl.lu\"],\"url\":\"https:\/\/ffl.lu\/de\/author\/aurelie\/\"}]}<\/script>\n<!-- \/ Yoast SEO plugin. -->","yoast_head_json":{"title":"Wissendurst? - Fondation Follereau Luxembourg","robots":{"index":"index","follow":"follow","max-snippet":"max-snippet:-1","max-image-preview":"max-image-preview:large","max-video-preview":"max-video-preview:-1"},"canonical":"https:\/\/ffl.lu\/de\/2024\/04\/wissendurst\/","og_locale":"de_DE","og_type":"article","og_title":"Wissendurst? - Fondation Follereau Luxembourg","og_description":"Wissen Sie, was Epistemophiler ist? Es handelt sich um eine Person, die &#8222;einen uners\u00e4ttlichen Wissensdurst hat und danach strebt, ihr Wissen in allen Bereichen zu erweitern&#8220;. Die folgenden Abs\u00e4tze haben [&hellip;]","og_url":"https:\/\/ffl.lu\/de\/2024\/04\/wissendurst\/","og_site_name":"Fondation Follereau Luxembourg","article_published_time":"2024-04-05T13:26:15+00:00","article_modified_time":"2024-04-05T13:26:18+00:00","og_image":[{"width":1024,"height":768,"url":"https:\/\/ffl.lu\/wp-content\/uploads\/2024\/04\/20220413_115302-1024x768.jpg","type":"image\/jpeg"}],"author":"Aur\u00e9lie Costantini","twitter_card":"summary_large_image","twitter_misc":{"Verfasst von":"Aur\u00e9lie Costantini","Gesch\u00e4tzte Lesezeit":"3\u00a0Minuten"},"schema":{"@context":"https:\/\/schema.org","@graph":[{"@type":"Article","@id":"https:\/\/ffl.lu\/de\/2024\/04\/wissendurst\/#article","isPartOf":{"@id":"https:\/\/ffl.lu\/de\/2024\/04\/wissendurst\/"},"author":{"name":"Aur\u00e9lie Costantini","@id":"https:\/\/ffl.lu\/de\/#\/schema\/person\/d569fb3449bcd83b8c1ae0e2d08496ea"},"headline":"Wissendurst?","datePublished":"2024-04-05T13:26:15+00:00","dateModified":"2024-04-05T13:26:18+00:00","mainEntityOfPage":{"@id":"https:\/\/ffl.lu\/de\/2024\/04\/wissendurst\/"},"wordCount":569,"image":{"@id":"https:\/\/ffl.lu\/de\/2024\/04\/wissendurst\/#primaryimage"},"thumbnailUrl":"https:\/\/ffl.lu\/wp-content\/uploads\/2024\/04\/20220413_115302.jpg","keywords":["Fondation Follereau","Gesundheit","Hygiene","Non classifi\u00e9(e)","Non classifi\u00e9(e)","Sensibilisierung","Solidarit\u00e4t","WASH","Wasser"],"articleSection":["Unkategorisiert"],"inLanguage":"de"},{"@type":"WebPage","@id":"https:\/\/ffl.lu\/de\/2024\/04\/wissendurst\/","url":"https:\/\/ffl.lu\/de\/2024\/04\/wissendurst\/","name":"Wissendurst? - Fondation Follereau Luxembourg","isPartOf":{"@id":"https:\/\/ffl.lu\/de\/#website"},"primaryImageOfPage":{"@id":"https:\/\/ffl.lu\/de\/2024\/04\/wissendurst\/#primaryimage"},"image":{"@id":"https:\/\/ffl.lu\/de\/2024\/04\/wissendurst\/#primaryimage"},"thumbnailUrl":"https:\/\/ffl.lu\/wp-content\/uploads\/2024\/04\/20220413_115302.jpg","datePublished":"2024-04-05T13:26:15+00:00","dateModified":"2024-04-05T13:26:18+00:00","author":{"@id":"https:\/\/ffl.lu\/de\/#\/schema\/person\/d569fb3449bcd83b8c1ae0e2d08496ea"},"breadcrumb":{"@id":"https:\/\/ffl.lu\/de\/2024\/04\/wissendurst\/#breadcrumb"},"inLanguage":"de","potentialAction":[{"@type":"ReadAction","target":["https:\/\/ffl.lu\/de\/2024\/04\/wissendurst\/"]}]},{"@type":"ImageObject","inLanguage":"de","@id":"https:\/\/ffl.lu\/de\/2024\/04\/wissendurst\/#primaryimage","url":"https:\/\/ffl.lu\/wp-content\/uploads\/2024\/04\/20220413_115302.jpg","contentUrl":"https:\/\/ffl.lu\/wp-content\/uploads\/2024\/04\/20220413_115302.jpg","width":3264,"height":2448},{"@type":"BreadcrumbList","@id":"https:\/\/ffl.lu\/de\/2024\/04\/wissendurst\/#breadcrumb","itemListElement":[{"@type":"ListItem","position":1,"name":"Home","item":"https:\/\/ffl.lu\/de\/"},{"@type":"ListItem","position":2,"name":"Wissendurst?"}]},{"@type":"WebSite","@id":"https:\/\/ffl.lu\/de\/#website","url":"https:\/\/ffl.lu\/de\/","name":"Fondation Follereau Luxembourg","description":"Tout seul, on va vite. Ensemble, on va plus loin","potentialAction":[{"@type":"SearchAction","target":{"@type":"EntryPoint","urlTemplate":"https:\/\/ffl.lu\/de\/?s={search_term_string}"},"query-input":{"@type":"PropertyValueSpecification","valueRequired":true,"valueName":"search_term_string"}}],"inLanguage":"de"},{"@type":"Person","@id":"https:\/\/ffl.lu\/de\/#\/schema\/person\/d569fb3449bcd83b8c1ae0e2d08496ea","name":"Aur\u00e9lie Costantini","image":{"@type":"ImageObject","inLanguage":"de","@id":"https:\/\/ffl.lu\/de\/#\/schema\/person\/image\/","url":"https:\/\/secure.gravatar.com\/avatar\/c7275b9ef115a36957d7f3e9d56b8f9fedd5130d8f87e7ab70c78927c56d3944?s=96&d=mm&r=g","contentUrl":"https:\/\/secure.gravatar.com\/avatar\/c7275b9ef115a36957d7f3e9d56b8f9fedd5130d8f87e7ab70c78927c56d3944?s=96&d=mm&r=g","caption":"Aur\u00e9lie Costantini"},"sameAs":["https:\/\/www.ffl.lu"],"url":"https:\/\/ffl.lu\/de\/author\/aurelie\/"}]}},"_links":{"self":[{"href":"https:\/\/ffl.lu\/de\/wp-json\/wp\/v2\/posts\/6495","targetHints":{"allow":["GET"]}}],"collection":[{"href":"https:\/\/ffl.lu\/de\/wp-json\/wp\/v2\/posts"}],"about":[{"href":"https:\/\/ffl.lu\/de\/wp-json\/wp\/v2\/types\/post"}],"author":[{"embeddable":true,"href":"https:\/\/ffl.lu\/de\/wp-json\/wp\/v2\/users\/6"}],"replies":[{"embeddable":true,"href":"https:\/\/ffl.lu\/de\/wp-json\/wp\/v2\/comments?post=6495"}],"version-history":[{"count":3,"href":"https:\/\/ffl.lu\/de\/wp-json\/wp\/v2\/posts\/6495\/revisions"}],"predecessor-version":[{"id":6498,"href":"https:\/\/ffl.lu\/de\/wp-json\/wp\/v2\/posts\/6495\/revisions\/6498"}],"wp:featuredmedia":[{"embeddable":true,"href":"https:\/\/ffl.lu\/de\/wp-json\/wp\/v2\/media\/6486"}],"wp:attachment":[{"href":"https:\/\/ffl.lu\/de\/wp-json\/wp\/v2\/media?parent=6495"}],"wp:term":[{"taxonomy":"category","embeddable":true,"href":"https:\/\/ffl.lu\/de\/wp-json\/wp\/v2\/categories?post=6495"},{"taxonomy":"post_tag","embeddable":true,"href":"https:\/\/ffl.lu\/de\/wp-json\/wp\/v2\/tags?post=6495"}],"curies":[{"name":"wp","href":"https:\/\/api.w.org\/{rel}","templated":true}]}}