{"id":6350,"date":"2023-12-22T12:00:00","date_gmt":"2023-12-22T11:00:00","guid":{"rendered":"https:\/\/ffl.lu\/2024\/01\/wuenschen-sie-sich-etwas-fuer-die-zukunft\/"},"modified":"2024-01-02T12:35:47","modified_gmt":"2024-01-02T11:35:47","slug":"wuenschen-sie-sich-etwas-fuer-die-zukunft","status":"publish","type":"post","link":"https:\/\/ffl.lu\/de\/2023\/12\/wuenschen-sie-sich-etwas-fuer-die-zukunft\/","title":{"rendered":"W\u00fcnschen Sie sich etwas f\u00fcr die Zukunft"},"content":{"rendered":"\n<p>Liebe Freunde der Fondation Follereau,<\/p>\n\n\n<h3><strong>W\u00fcnschen Sie sich etwas, etwas, das Ihnen am Herzen liegt.<\/strong><\/h3>\n\n\n<p>Zum Jahresende, ob f\u00fcr Ihre Familie, Ihr Umfeld oder Ihr eigenes Wohlbefinden, wir stellen uns Ihre W\u00fcnsche optimistisch, voller Hoffnung und Menschlichkeit vor.<\/p>\n\n\n\n<p>Selbstverst\u00e4ndlich, w\u00fcrden Sie sagen. Wer w\u00fcnscht sich schon eine schlimme Zukunft? Der Ehrgeiz der Menschen, dieser ewige Wunsch nach einer besseren Zukunft haben es ihnen erm\u00f6glicht, sich in all den Jahre weiterzuentwickeln. Bei jeder Gelegenheit zeigen Menschen diesen Optimismus, der es ihnen erm\u00f6glicht, die Hindernisse zu \u00fcberwinden, die auf sie zukommen und in die Zukunft zu schreiten.<\/p>\n\n\n\n<p>Die Fondation Follereau hat gerade ihr 57-j\u00e4hriges Bestehen gefeiert. Seit 1966 blickt unser Team in die Zukunft, indem es sich f\u00fcr die Gesundheit, f\u00fcr berufliche Chancen, f\u00fcr eine geborgene Kindheit, f\u00fcr wiedervereinte Familien einsetzt.<\/p>\n\n\n\n<p>Und w\u00e4hrend wir unsere 57. Geburtstagskerze auspusten, k\u00f6nnen wir Ihnen verraten, dass einer unserer W\u00fcnsche darin besteht <strong>alle Kinder vor jeder Form von Vernachl\u00e4ssigung, Grausamkeit und Ausbeutung zu sch\u00fctzen.<\/strong><\/p>\n\n\n\n<p>Ist das utopisch? Und dennoch ist es der Grundsatz 9 der Erkl\u00e4rung der Rechte des Kindes von 1959. Immer noch erleben viel zu viele Kinder, dass ihre Rechte im Alltag mit F\u00fc\u00dfen getreten werden. Millionen von Kindern werden immer noch ihrer Kindheit und ihrer W\u00fcrde beraubt.<\/p>\n\n\n<div class=\"wp-block-image is-style-default\">\n<figure class=\"aligncenter size-medium\"><img loading=\"lazy\" decoding=\"async\" width=\"800\" height=\"800\" src=\"https:\/\/ffl.lu\/wp-content\/uploads\/2024\/01\/20130102_152816-2-edited-800x800.jpg\" alt=\"\" class=\"wp-image-6347\" style=\"aspect-ratio:1;object-fit:cover\" srcset=\"https:\/\/ffl.lu\/wp-content\/uploads\/2024\/01\/20130102_152816-2-edited-800x800.jpg 800w, https:\/\/ffl.lu\/wp-content\/uploads\/2024\/01\/20130102_152816-2-edited-1024x1024.jpg 1024w, https:\/\/ffl.lu\/wp-content\/uploads\/2024\/01\/20130102_152816-2-edited-150x150.jpg 150w, https:\/\/ffl.lu\/wp-content\/uploads\/2024\/01\/20130102_152816-2-edited-768x768.jpg 768w, https:\/\/ffl.lu\/wp-content\/uploads\/2024\/01\/20130102_152816-2-edited-1536x1536.jpg 1536w, https:\/\/ffl.lu\/wp-content\/uploads\/2024\/01\/20130102_152816-2-edited.jpg 1836w\" sizes=\"auto, (max-width: 800px) 100vw, 800px\" \/><\/figure>\n<\/div>\n\n<h3><strong>Lassen Sie uns gemeinsam f\u00fcr sie etwas bewegen. Handeln wir f\u00fcr die Zukunft.<\/strong><\/h3>\n\n\n<p>Kennen Sie die kulturelle Praxis der Anvertrauung &#8211; \u201e<em>confiage<\/em>\u201c (franz.) oder \u201e<em>fosterage<\/em>\u201c (engl.) &#8211; die darin besteht, Kinder in der Hoffnung auf eine <strong>bessere Zukunft<\/strong> in fremde Obhut zu geben? Eine Tradition, die Menschenh\u00e4ndler ausnutzen, um den Familien falsche Versprechen zu machen, bevor sie die Kinder schlie\u00dflich verkaufen und sie Gefahren und Gewalt aussetzen, die nur in Albtr\u00e4umen vorstellbar sind.<\/p>\n\n\n\n<p><a href=\"https:\/\/ffl.lu\/de\/projekte\/schutz\/schutz-gegen-kinderhandel-im-norden-benins\/\" target=\"_blank\" rel=\"noopener\">Die Fondation Follereau und ihre Partner im Benin setzen sich f\u00fcr diese Kinder im Norden des Landes ein.<\/a><\/p>\n\n\n\n<p>Im Jahr 2022 wurden <strong>560 Kinder identifiziert, sie erhielten Schulmaterial,<\/strong> um wieder in die Schule gehen zu k\u00f6nnen. Weitere <strong>126 Kinder wurden aufgenommen und erhielten Verpflegung, medizinische Versorgung und eine Unterkunft,<\/strong> w\u00e4hrend die im Jahr 2021 gebildeten Komitees zur Bek\u00e4mpfung des Kinderhandels 32 Sensibilisierungsveranstaltungen zu den Themen <strong>Gewalt gegen Kinder, Heirat von Minderj\u00e4hrigen, sowie \u00fcber die Rolle und Verantwortung der Eltern, durchf\u00fchrten.<\/strong><\/p>\n\n\n\n<p>Im Jahr 2024, angesichts der komplizierten Sicherheitslage im Grenzgebiet und des Risikos, das die Durchf\u00fchrung von Gruppensensibilisierungen mit sich bringen kann, bem\u00fcht sich die Fondation Follereau weiterhin um <strong>die Betreuung der betroffenen Kinder, ihre Sicherheit, ihre psychosoziale Gesundheit, die R\u00fcckkehr in ihre Familien, ihre Berufsausbildung und die St\u00e4rkung ihrer beruflichen Zukunft.<\/strong><\/p>\n\n\n\n<blockquote class=\"wp-block-quote is-layout-flow wp-block-quote-is-layout-flow\">\n<h3 class=\"wp-block-heading\"><blockquote><strong>Lassen Sie uns gemeinsam den Wunsch auf eine bessere Zukunft f\u00fcr diese Kinder \u00e4u\u00dfern.<\/strong><\/blockquote><\/h3>\n<cite><em>Jean Hilger, Pr\u00e4sident<\/em><\/cite><\/blockquote>\n","protected":false},"excerpt":{"rendered":"<p>Liebe Freunde der Fondation Follereau, W\u00fcnschen Sie sich etwas, etwas, das Ihnen am Herzen liegt. Zum Jahresende, ob f\u00fcr Ihre Familie, Ihr Umfeld oder Ihr eigenes Wohlbefinden, wir stellen uns [&hellip;]<\/p>\n","protected":false},"author":6,"featured_media":6334,"comment_status":"open","ping_status":"open","sticky":false,"template":"","format":"standard","meta":{"_acf_changed":false,"footnotes":""},"categories":[634],"tags":[598,1266,540,1208,1123,1122,568,1093],"class_list":["post-6350","post","type-post","status-publish","format-standard","has-post-thumbnail","hentry","category-projets-de","tag-benin-de","tag-droit-des-enfants-de","tag-fondation-follereau-de","tag-kinder-de","tag-non-classifiee-de-13","tag-non-classifiee-de-12","tag-protection-de","tag-solidaritat"],"acf":[],"yoast_head":"<!-- This site is optimized with the Yoast SEO plugin v27.1.1 - https:\/\/yoast.com\/product\/yoast-seo-wordpress\/ -->\n<title>W\u00fcnschen Sie sich etwas f\u00fcr die Zukunft - Fondation Follereau Luxembourg<\/title>\n<meta name=\"robots\" content=\"index, follow, max-snippet:-1, max-image-preview:large, max-video-preview:-1\" \/>\n<link rel=\"canonical\" href=\"https:\/\/ffl.lu\/de\/2023\/12\/wuenschen-sie-sich-etwas-fuer-die-zukunft\/\" \/>\n<meta property=\"og:locale\" content=\"de_DE\" \/>\n<meta property=\"og:type\" content=\"article\" \/>\n<meta property=\"og:title\" content=\"W\u00fcnschen Sie sich etwas f\u00fcr die Zukunft - Fondation Follereau Luxembourg\" \/>\n<meta property=\"og:description\" content=\"Liebe Freunde der Fondation Follereau, W\u00fcnschen Sie sich etwas, etwas, das Ihnen am Herzen liegt. Zum Jahresende, ob f\u00fcr Ihre Familie, Ihr Umfeld oder Ihr eigenes Wohlbefinden, wir stellen uns [&hellip;]\" \/>\n<meta property=\"og:url\" content=\"https:\/\/ffl.lu\/de\/2023\/12\/wuenschen-sie-sich-etwas-fuer-die-zukunft\/\" \/>\n<meta property=\"og:site_name\" content=\"Fondation Follereau Luxembourg\" \/>\n<meta property=\"article:published_time\" content=\"2023-12-22T11:00:00+00:00\" \/>\n<meta property=\"article:modified_time\" content=\"2024-01-02T11:35:47+00:00\" \/>\n<meta property=\"og:image\" content=\"https:\/\/ffl.lu\/wp-content\/uploads\/2024\/01\/20130104_043914-576x1024.jpg\" \/>\n\t<meta property=\"og:image:width\" content=\"576\" \/>\n\t<meta property=\"og:image:height\" content=\"1024\" \/>\n\t<meta property=\"og:image:type\" content=\"image\/jpeg\" \/>\n<meta name=\"author\" content=\"Aur\u00e9lie Costantini\" \/>\n<meta name=\"twitter:card\" content=\"summary_large_image\" \/>\n<meta name=\"twitter:label1\" content=\"Verfasst von\" \/>\n\t<meta name=\"twitter:data1\" content=\"Aur\u00e9lie Costantini\" \/>\n\t<meta name=\"twitter:label2\" content=\"Gesch\u00e4tzte Lesezeit\" \/>\n\t<meta name=\"twitter:data2\" content=\"3\u00a0Minuten\" \/>\n<script type=\"application\/ld+json\" class=\"yoast-schema-graph\">{\"@context\":\"https:\/\/schema.org\",\"@graph\":[{\"@type\":\"Article\",\"@id\":\"https:\/\/ffl.lu\/de\/2023\/12\/wuenschen-sie-sich-etwas-fuer-die-zukunft\/#article\",\"isPartOf\":{\"@id\":\"https:\/\/ffl.lu\/de\/2023\/12\/wuenschen-sie-sich-etwas-fuer-die-zukunft\/\"},\"author\":{\"name\":\"Aur\u00e9lie Costantini\",\"@id\":\"https:\/\/ffl.lu\/de\/#\/schema\/person\/d569fb3449bcd83b8c1ae0e2d08496ea\"},\"headline\":\"W\u00fcnschen Sie sich etwas f\u00fcr die Zukunft\",\"datePublished\":\"2023-12-22T11:00:00+00:00\",\"dateModified\":\"2024-01-02T11:35:47+00:00\",\"mainEntityOfPage\":{\"@id\":\"https:\/\/ffl.lu\/de\/2023\/12\/wuenschen-sie-sich-etwas-fuer-die-zukunft\/\"},\"wordCount\":463,\"commentCount\":0,\"image\":{\"@id\":\"https:\/\/ffl.lu\/de\/2023\/12\/wuenschen-sie-sich-etwas-fuer-die-zukunft\/#primaryimage\"},\"thumbnailUrl\":\"https:\/\/ffl.lu\/wp-content\/uploads\/2024\/01\/20130104_043914-e1704193929242.jpg\",\"keywords\":[\"Benin\",\"droit des enfants\",\"Fondation Follereau\",\"Kinder\",\"Non classifi\u00e9(e)\",\"Non classifi\u00e9(e)\",\"protection\",\"Solidarit\u00e4t\"],\"articleSection\":[\"Projets\"],\"inLanguage\":\"de\"},{\"@type\":\"WebPage\",\"@id\":\"https:\/\/ffl.lu\/de\/2023\/12\/wuenschen-sie-sich-etwas-fuer-die-zukunft\/\",\"url\":\"https:\/\/ffl.lu\/de\/2023\/12\/wuenschen-sie-sich-etwas-fuer-die-zukunft\/\",\"name\":\"W\u00fcnschen Sie sich etwas f\u00fcr die Zukunft - Fondation Follereau Luxembourg\",\"isPartOf\":{\"@id\":\"https:\/\/ffl.lu\/de\/#website\"},\"primaryImageOfPage\":{\"@id\":\"https:\/\/ffl.lu\/de\/2023\/12\/wuenschen-sie-sich-etwas-fuer-die-zukunft\/#primaryimage\"},\"image\":{\"@id\":\"https:\/\/ffl.lu\/de\/2023\/12\/wuenschen-sie-sich-etwas-fuer-die-zukunft\/#primaryimage\"},\"thumbnailUrl\":\"https:\/\/ffl.lu\/wp-content\/uploads\/2024\/01\/20130104_043914-e1704193929242.jpg\",\"datePublished\":\"2023-12-22T11:00:00+00:00\",\"dateModified\":\"2024-01-02T11:35:47+00:00\",\"author\":{\"@id\":\"https:\/\/ffl.lu\/de\/#\/schema\/person\/d569fb3449bcd83b8c1ae0e2d08496ea\"},\"breadcrumb\":{\"@id\":\"https:\/\/ffl.lu\/de\/2023\/12\/wuenschen-sie-sich-etwas-fuer-die-zukunft\/#breadcrumb\"},\"inLanguage\":\"de\",\"potentialAction\":[{\"@type\":\"ReadAction\",\"target\":[\"https:\/\/ffl.lu\/de\/2023\/12\/wuenschen-sie-sich-etwas-fuer-die-zukunft\/\"]}]},{\"@type\":\"ImageObject\",\"inLanguage\":\"de\",\"@id\":\"https:\/\/ffl.lu\/de\/2023\/12\/wuenschen-sie-sich-etwas-fuer-die-zukunft\/#primaryimage\",\"url\":\"https:\/\/ffl.lu\/wp-content\/uploads\/2024\/01\/20130104_043914-e1704193929242.jpg\",\"contentUrl\":\"https:\/\/ffl.lu\/wp-content\/uploads\/2024\/01\/20130104_043914-e1704193929242.jpg\",\"width\":1836,\"height\":3264},{\"@type\":\"BreadcrumbList\",\"@id\":\"https:\/\/ffl.lu\/de\/2023\/12\/wuenschen-sie-sich-etwas-fuer-die-zukunft\/#breadcrumb\",\"itemListElement\":[{\"@type\":\"ListItem\",\"position\":1,\"name\":\"Home\",\"item\":\"https:\/\/ffl.lu\/de\/\"},{\"@type\":\"ListItem\",\"position\":2,\"name\":\"W\u00fcnschen Sie sich etwas f\u00fcr die Zukunft\"}]},{\"@type\":\"WebSite\",\"@id\":\"https:\/\/ffl.lu\/de\/#website\",\"url\":\"https:\/\/ffl.lu\/de\/\",\"name\":\"Fondation Follereau Luxembourg\",\"description\":\"Tout seul, on va vite. Ensemble, on va plus loin\",\"potentialAction\":[{\"@type\":\"SearchAction\",\"target\":{\"@type\":\"EntryPoint\",\"urlTemplate\":\"https:\/\/ffl.lu\/de\/?s={search_term_string}\"},\"query-input\":{\"@type\":\"PropertyValueSpecification\",\"valueRequired\":true,\"valueName\":\"search_term_string\"}}],\"inLanguage\":\"de\"},{\"@type\":\"Person\",\"@id\":\"https:\/\/ffl.lu\/de\/#\/schema\/person\/d569fb3449bcd83b8c1ae0e2d08496ea\",\"name\":\"Aur\u00e9lie Costantini\",\"image\":{\"@type\":\"ImageObject\",\"inLanguage\":\"de\",\"@id\":\"https:\/\/ffl.lu\/de\/#\/schema\/person\/image\/\",\"url\":\"https:\/\/secure.gravatar.com\/avatar\/c7275b9ef115a36957d7f3e9d56b8f9fedd5130d8f87e7ab70c78927c56d3944?s=96&d=mm&r=g\",\"contentUrl\":\"https:\/\/secure.gravatar.com\/avatar\/c7275b9ef115a36957d7f3e9d56b8f9fedd5130d8f87e7ab70c78927c56d3944?s=96&d=mm&r=g\",\"caption\":\"Aur\u00e9lie Costantini\"},\"sameAs\":[\"https:\/\/www.ffl.lu\"],\"url\":\"https:\/\/ffl.lu\/de\/author\/aurelie\/\"}]}<\/script>\n<!-- \/ Yoast SEO plugin. -->","yoast_head_json":{"title":"W\u00fcnschen Sie sich etwas f\u00fcr die Zukunft - Fondation Follereau Luxembourg","robots":{"index":"index","follow":"follow","max-snippet":"max-snippet:-1","max-image-preview":"max-image-preview:large","max-video-preview":"max-video-preview:-1"},"canonical":"https:\/\/ffl.lu\/de\/2023\/12\/wuenschen-sie-sich-etwas-fuer-die-zukunft\/","og_locale":"de_DE","og_type":"article","og_title":"W\u00fcnschen Sie sich etwas f\u00fcr die Zukunft - Fondation Follereau Luxembourg","og_description":"Liebe Freunde der Fondation Follereau, W\u00fcnschen Sie sich etwas, etwas, das Ihnen am Herzen liegt. Zum Jahresende, ob f\u00fcr Ihre Familie, Ihr Umfeld oder Ihr eigenes Wohlbefinden, wir stellen uns [&hellip;]","og_url":"https:\/\/ffl.lu\/de\/2023\/12\/wuenschen-sie-sich-etwas-fuer-die-zukunft\/","og_site_name":"Fondation Follereau Luxembourg","article_published_time":"2023-12-22T11:00:00+00:00","article_modified_time":"2024-01-02T11:35:47+00:00","og_image":[{"width":576,"height":1024,"url":"https:\/\/ffl.lu\/wp-content\/uploads\/2024\/01\/20130104_043914-576x1024.jpg","type":"image\/jpeg"}],"author":"Aur\u00e9lie Costantini","twitter_card":"summary_large_image","twitter_misc":{"Verfasst von":"Aur\u00e9lie Costantini","Gesch\u00e4tzte Lesezeit":"3\u00a0Minuten"},"schema":{"@context":"https:\/\/schema.org","@graph":[{"@type":"Article","@id":"https:\/\/ffl.lu\/de\/2023\/12\/wuenschen-sie-sich-etwas-fuer-die-zukunft\/#article","isPartOf":{"@id":"https:\/\/ffl.lu\/de\/2023\/12\/wuenschen-sie-sich-etwas-fuer-die-zukunft\/"},"author":{"name":"Aur\u00e9lie Costantini","@id":"https:\/\/ffl.lu\/de\/#\/schema\/person\/d569fb3449bcd83b8c1ae0e2d08496ea"},"headline":"W\u00fcnschen Sie sich etwas f\u00fcr die Zukunft","datePublished":"2023-12-22T11:00:00+00:00","dateModified":"2024-01-02T11:35:47+00:00","mainEntityOfPage":{"@id":"https:\/\/ffl.lu\/de\/2023\/12\/wuenschen-sie-sich-etwas-fuer-die-zukunft\/"},"wordCount":463,"commentCount":0,"image":{"@id":"https:\/\/ffl.lu\/de\/2023\/12\/wuenschen-sie-sich-etwas-fuer-die-zukunft\/#primaryimage"},"thumbnailUrl":"https:\/\/ffl.lu\/wp-content\/uploads\/2024\/01\/20130104_043914-e1704193929242.jpg","keywords":["Benin","droit des enfants","Fondation Follereau","Kinder","Non classifi\u00e9(e)","Non classifi\u00e9(e)","protection","Solidarit\u00e4t"],"articleSection":["Projets"],"inLanguage":"de"},{"@type":"WebPage","@id":"https:\/\/ffl.lu\/de\/2023\/12\/wuenschen-sie-sich-etwas-fuer-die-zukunft\/","url":"https:\/\/ffl.lu\/de\/2023\/12\/wuenschen-sie-sich-etwas-fuer-die-zukunft\/","name":"W\u00fcnschen Sie sich etwas f\u00fcr die Zukunft - Fondation Follereau Luxembourg","isPartOf":{"@id":"https:\/\/ffl.lu\/de\/#website"},"primaryImageOfPage":{"@id":"https:\/\/ffl.lu\/de\/2023\/12\/wuenschen-sie-sich-etwas-fuer-die-zukunft\/#primaryimage"},"image":{"@id":"https:\/\/ffl.lu\/de\/2023\/12\/wuenschen-sie-sich-etwas-fuer-die-zukunft\/#primaryimage"},"thumbnailUrl":"https:\/\/ffl.lu\/wp-content\/uploads\/2024\/01\/20130104_043914-e1704193929242.jpg","datePublished":"2023-12-22T11:00:00+00:00","dateModified":"2024-01-02T11:35:47+00:00","author":{"@id":"https:\/\/ffl.lu\/de\/#\/schema\/person\/d569fb3449bcd83b8c1ae0e2d08496ea"},"breadcrumb":{"@id":"https:\/\/ffl.lu\/de\/2023\/12\/wuenschen-sie-sich-etwas-fuer-die-zukunft\/#breadcrumb"},"inLanguage":"de","potentialAction":[{"@type":"ReadAction","target":["https:\/\/ffl.lu\/de\/2023\/12\/wuenschen-sie-sich-etwas-fuer-die-zukunft\/"]}]},{"@type":"ImageObject","inLanguage":"de","@id":"https:\/\/ffl.lu\/de\/2023\/12\/wuenschen-sie-sich-etwas-fuer-die-zukunft\/#primaryimage","url":"https:\/\/ffl.lu\/wp-content\/uploads\/2024\/01\/20130104_043914-e1704193929242.jpg","contentUrl":"https:\/\/ffl.lu\/wp-content\/uploads\/2024\/01\/20130104_043914-e1704193929242.jpg","width":1836,"height":3264},{"@type":"BreadcrumbList","@id":"https:\/\/ffl.lu\/de\/2023\/12\/wuenschen-sie-sich-etwas-fuer-die-zukunft\/#breadcrumb","itemListElement":[{"@type":"ListItem","position":1,"name":"Home","item":"https:\/\/ffl.lu\/de\/"},{"@type":"ListItem","position":2,"name":"W\u00fcnschen Sie sich etwas f\u00fcr die Zukunft"}]},{"@type":"WebSite","@id":"https:\/\/ffl.lu\/de\/#website","url":"https:\/\/ffl.lu\/de\/","name":"Fondation Follereau Luxembourg","description":"Tout seul, on va vite. Ensemble, on va plus loin","potentialAction":[{"@type":"SearchAction","target":{"@type":"EntryPoint","urlTemplate":"https:\/\/ffl.lu\/de\/?s={search_term_string}"},"query-input":{"@type":"PropertyValueSpecification","valueRequired":true,"valueName":"search_term_string"}}],"inLanguage":"de"},{"@type":"Person","@id":"https:\/\/ffl.lu\/de\/#\/schema\/person\/d569fb3449bcd83b8c1ae0e2d08496ea","name":"Aur\u00e9lie Costantini","image":{"@type":"ImageObject","inLanguage":"de","@id":"https:\/\/ffl.lu\/de\/#\/schema\/person\/image\/","url":"https:\/\/secure.gravatar.com\/avatar\/c7275b9ef115a36957d7f3e9d56b8f9fedd5130d8f87e7ab70c78927c56d3944?s=96&d=mm&r=g","contentUrl":"https:\/\/secure.gravatar.com\/avatar\/c7275b9ef115a36957d7f3e9d56b8f9fedd5130d8f87e7ab70c78927c56d3944?s=96&d=mm&r=g","caption":"Aur\u00e9lie Costantini"},"sameAs":["https:\/\/www.ffl.lu"],"url":"https:\/\/ffl.lu\/de\/author\/aurelie\/"}]}},"_links":{"self":[{"href":"https:\/\/ffl.lu\/de\/wp-json\/wp\/v2\/posts\/6350","targetHints":{"allow":["GET"]}}],"collection":[{"href":"https:\/\/ffl.lu\/de\/wp-json\/wp\/v2\/posts"}],"about":[{"href":"https:\/\/ffl.lu\/de\/wp-json\/wp\/v2\/types\/post"}],"author":[{"embeddable":true,"href":"https:\/\/ffl.lu\/de\/wp-json\/wp\/v2\/users\/6"}],"replies":[{"embeddable":true,"href":"https:\/\/ffl.lu\/de\/wp-json\/wp\/v2\/comments?post=6350"}],"version-history":[{"count":4,"href":"https:\/\/ffl.lu\/de\/wp-json\/wp\/v2\/posts\/6350\/revisions"}],"predecessor-version":[{"id":6354,"href":"https:\/\/ffl.lu\/de\/wp-json\/wp\/v2\/posts\/6350\/revisions\/6354"}],"wp:featuredmedia":[{"embeddable":true,"href":"https:\/\/ffl.lu\/de\/wp-json\/wp\/v2\/media\/6334"}],"wp:attachment":[{"href":"https:\/\/ffl.lu\/de\/wp-json\/wp\/v2\/media?parent=6350"}],"wp:term":[{"taxonomy":"category","embeddable":true,"href":"https:\/\/ffl.lu\/de\/wp-json\/wp\/v2\/categories?post=6350"},{"taxonomy":"post_tag","embeddable":true,"href":"https:\/\/ffl.lu\/de\/wp-json\/wp\/v2\/tags?post=6350"}],"curies":[{"name":"wp","href":"https:\/\/api.w.org\/{rel}","templated":true}]}}