{"id":5993,"date":"2023-06-01T15:43:13","date_gmt":"2023-06-01T13:43:13","guid":{"rendered":"https:\/\/ffl.lu\/2023\/06\/in-togo-brechen-76-der-jugendlichen-nach-der-grundschule-ab\/"},"modified":"2023-06-02T11:20:56","modified_gmt":"2023-06-02T09:20:56","slug":"in-togo-brechen-76-der-jugendlichen-nach-der-grundschule-ab","status":"publish","type":"post","link":"https:\/\/ffl.lu\/de\/2023\/06\/in-togo-brechen-76-der-jugendlichen-nach-der-grundschule-ab\/","title":{"rendered":"In Togo brechen 76% der Jugendlichen nach der Grundschule ab"},"content":{"rendered":"\n<div class=\"wp-block-columns is-layout-flex wp-container-core-columns-is-layout-9d6595d7 wp-block-columns-is-layout-flex\">\n<div class=\"wp-block-column is-layout-flow wp-block-column-is-layout-flow\">\n<p class=\"has-text-align-left\">Aus diesem Grund hat sich die Fondation Follereau Luxembourg zusammen mit ihrem lokalen Partner, der AAT-FFL, f\u00fcr den Bau und die Entwicklung eines neuen Berufsbildungs- und Ausbildungszentrums f\u00fcr benachteiligte und schulentlassene Jugendliche in der Pr\u00e4fektur Ani\u00e9 engagiert.<\/p>\n\n\n\n<p class=\"has-text-align-left\">Bereits im ersten Jahr k\u00f6nnen 60 M\u00e4dchen und Jungen von den angebotenen Ausbildungen in Schneiderei, Aluminiumtischlerei oder Friseurhandwerk profitieren.<\/p>\n\n\n\n<figure class=\"wp-block-image size-medium is-resized\"><img loading=\"lazy\" decoding=\"async\" src=\"https:\/\/ffl.lu\/wp-content\/uploads\/2023\/05\/mission-togo-0523-800x450.jpg\" alt=\"\" class=\"wp-image-5899\" width=\"400\" height=\"225\" srcset=\"https:\/\/ffl.lu\/wp-content\/uploads\/2023\/05\/mission-togo-0523-800x450.jpg 800w, https:\/\/ffl.lu\/wp-content\/uploads\/2023\/05\/mission-togo-0523-768x432.jpg 768w, https:\/\/ffl.lu\/wp-content\/uploads\/2023\/05\/mission-togo-0523.jpg 1008w\" sizes=\"auto, (max-width: 400px) 100vw, 400px\" \/><\/figure>\n<\/div>\n<\/div>\n\n<h2 class=\"has-medium-font-size wp-block-heading\" style=\"font-style:normal;font-weight:500\">Mission TOGO, April 2023<\/h2>\n\n<p>Im April war ein Team der Stiftung in Togo unterwegs, um die von AAT-FFL umgesetzten Projekte zu besuchen und das Personal der Gesundheitszentren und die beg\u00fcnstigte Bev\u00f6lkerung zu treffen.<\/p>\n\n<p>Wir konnten die lokalen Akteure treffen, die an der Durchf\u00fchrung der Projekte beteiligt sind, und die Qualit\u00e4t der vor Ort umgesetzten Ma\u00dfnahmen beurteilen und m\u00f6gliche Verbesserungsans\u00e4tze erkennen.<\/p>\n\n<p>Dank unseres Partners vor Ort wurde ein Treffen mit dem Minister f\u00fcr Berufsbildung und Handwerk, dem Verantwortlichen f\u00fcr Sozialarbeit und dem Pr\u00e4sidenten der Handwerkskammer organisiert, um einige Entscheidungen \u00fcber die Zukunft des Berufsbildungsprojekts in Ani\u00e9 zu diskutieren und zu beschlie\u00dfen.<\/p>\n\n<p>Wie bei den meisten unserer Missionen besuchten wir die Standorte der Aktivit\u00e4ten, um ein besseres Verst\u00e4ndnis der Projekte, ihrer Einschr\u00e4nkungen und der Herausforderungen zu erlangen.<\/p>\n\n<p>So konnten wir die Bewohner der D\u00f6rfer treffen, die von den Projekten profitierten, wie die Dorfbewohner von Akladj\u00e9nou, Atchakoe-Carrefour und Dj\u00e9koto\u00e9, Orte, in denen die neuesten Einheiten f\u00fcr die medizinische Grundversorgung errichtet wurden.<\/p>\n\n<p>Dar\u00fcber hinaus hatten wir die Gelegenheit, Sch\u00fclerinnen und Sch\u00fcler einiger Gymnasien zu treffen, die am Projekt Mind the Gap teilnehmen, dessen Ziel es ist, Ungleichheiten bei der Einf\u00fchrung von Kindern, die eine \u00f6ffentliche Einrichtung in Togo besuchen, in Computerwerkzeuge und neue Technologien zu verringern.<\/p>\n\n<p>Wir nutzten die Gelegenheit, um uns mit ihnen auszutauschen und die Auswirkungen unserer gemeinsamen Aktivit\u00e4ten auf die Menschen zu w\u00fcrdigen, die in l\u00e4ndlichen Gebieten fernab der Gro\u00dfst\u00e4dte und fernab von Gesundheits- und Bildungsangeboten leben.<\/p>\n\n<div class=\"wp-block-columns is-layout-flex wp-container-core-columns-is-layout-9d6595d7 wp-block-columns-is-layout-flex\">\n<div class=\"wp-block-column is-layout-flow wp-block-column-is-layout-flow\">\n<figure class=\"wp-block-image size-large is-resized\"><img loading=\"lazy\" decoding=\"async\" src=\"https:\/\/ffl.lu\/wp-content\/uploads\/2023\/05\/IMG_5434-2-768x1024.jpeg\" alt=\"\" class=\"wp-image-5909\" width=\"384\" height=\"512\" srcset=\"https:\/\/ffl.lu\/wp-content\/uploads\/2023\/05\/IMG_5434-2-768x1024.jpeg 768w, https:\/\/ffl.lu\/wp-content\/uploads\/2023\/05\/IMG_5434-2-600x800.jpeg 600w, https:\/\/ffl.lu\/wp-content\/uploads\/2023\/05\/IMG_5434-2-1152x1536.jpeg 1152w, https:\/\/ffl.lu\/wp-content\/uploads\/2023\/05\/IMG_5434-2.jpeg 1536w\" sizes=\"auto, (max-width: 384px) 100vw, 384px\" \/><\/figure>\n<\/div>\n<\/div>\n\n<h2 class=\"has-medium-font-size wp-block-heading\" style=\"font-style:normal;font-weight:500\">Sich weiterbilden, um nicht ausgebeutet zu werden<\/h2>\n\n<p>In der Region Plateaux, genauer gesagt im Viertel Kpassa-Kop\u00e9 der Gemeinde Ani\u00e9, haben wir mit dem Bau des zuk\u00fcnftigen Ausbildungs- und Lehrzentrums begonnen. Ziel ist es, Jugendliche in Schwierigkeiten zu unterst\u00fctzen, die schwer von der Prekarit\u00e4t betroffen sind und nicht mehr in der Lage sind, die Grundbed\u00fcrfnisse nach Nahrung, Gesundheit und Bildung zu befriedigen.&#13;\nDie Folgen dieser zunehmenden Verarmung sind Schulabbruch, Landflucht, Kinderhandel und -arbeit, sexuelle Ausbeutung von M\u00e4dchen und generell Kinder, die schlie\u00dflich auf der Stra\u00dfe leben.&#13;\nObwohl wir bisher eher im Gesundheitsbereich in Togo t\u00e4tig waren, durch den Bau von Gesundheitszentren und die St\u00e4rkung der Hygiene, haben wir mit unserem lokalen Partner AAT-FFL den Bau dieses Zentrums beschlossen, damit es zur Ausbildung und sozio\u00f6konomischen Eingliederung benachteiligter und schulentlassener Jugendlicher in der Pr\u00e4fektur Ani\u00e9 beitr\u00e4gt.<\/p>\n\n<p>Das Projekt wird aus mehreren Werkst\u00e4tten f\u00fcr die Berufsausbildung bestehen. Eine Bohrung zur Versorgung des Zentrums mit sauberem Trinkwasser wurde bereits durchgef\u00fchrt.<\/p>\n\n<p>Im ersten Jahr wird das Zentrum 60 M\u00e4dchen und Jungen aufnehmen, die \u00fcber einen Zeitraum von drei Jahren in den Bereichen N\u00e4hen, Aluminiumtischlerei und Friseurhandwerk ausgebildet werden. Der Aufbau der Ausbildungsg\u00e4nge ist bereits im Gange und hat mit der Aluminiumtischlerei begonnen. In den ersten drei Jahren werden die Ausbilder vom Projekt bezahlt, bevor das Zentrum vom Ministerium f\u00fcr Berufsbildung und Ausbildung \u00fcbernommen wird, um den Fortbestand \u00fcber das Engagement der Stiftung hinaus zu gew\u00e4hrleisten.<\/p>\n\n<hr class=\"wp-block-separator has-alpha-channel-opacity\"\/>\n\n<div class=\"wp-block-buttons is-content-justification-center is-layout-flex wp-container-core-buttons-is-layout-16018d1d wp-block-buttons-is-layout-flex\">\n<div class=\"wp-block-button is-style-fill\"><a class=\"wp-block-button__link has-white-color has-text-color has-background wp-element-button\" href=\"https:\/\/ffl.lu\/projets\/education\/formation-professionnelle\/\" style=\"background-color:#d32863\" target=\"_blank\" rel=\"noreferrer noopener\">Handeln Sie mit einer Spende<\/a><\/div>\n<\/div>\n","protected":false},"excerpt":{"rendered":"<p>Aus diesem Grund hat sich die Fondation Follereau Luxembourg zusammen mit ihrem lokalen Partner, der AAT-FFL, f\u00fcr den Bau und die Entwicklung eines neuen Berufsbildungs- und Ausbildungszentrums f\u00fcr benachteiligte und [&hellip;]<\/p>\n","protected":false},"author":10,"featured_media":5896,"comment_status":"open","ping_status":"open","sticky":false,"template":"","format":"standard","meta":{"_acf_changed":false,"footnotes":""},"categories":[39],"tags":[],"class_list":["post-5993","post","type-post","status-publish","format-standard","has-post-thumbnail","hentry","category-unkategorisiert"],"acf":[],"yoast_head":"<!-- This site is optimized with the Yoast SEO plugin v27.1.1 - https:\/\/yoast.com\/product\/yoast-seo-wordpress\/ -->\n<title>In Togo brechen 76% der Jugendlichen nach der Grundschule ab - Fondation Follereau Luxembourg<\/title>\n<meta name=\"robots\" content=\"index, follow, max-snippet:-1, max-image-preview:large, max-video-preview:-1\" \/>\n<link rel=\"canonical\" href=\"https:\/\/ffl.lu\/de\/2023\/06\/in-togo-brechen-76-der-jugendlichen-nach-der-grundschule-ab\/\" \/>\n<meta property=\"og:locale\" content=\"de_DE\" \/>\n<meta property=\"og:type\" content=\"article\" \/>\n<meta property=\"og:title\" content=\"In Togo brechen 76% der Jugendlichen nach der Grundschule ab - Fondation Follereau Luxembourg\" \/>\n<meta property=\"og:description\" content=\"Aus diesem Grund hat sich die Fondation Follereau Luxembourg zusammen mit ihrem lokalen Partner, der AAT-FFL, f\u00fcr den Bau und die Entwicklung eines neuen Berufsbildungs- und Ausbildungszentrums f\u00fcr benachteiligte und [&hellip;]\" \/>\n<meta property=\"og:url\" content=\"https:\/\/ffl.lu\/de\/2023\/06\/in-togo-brechen-76-der-jugendlichen-nach-der-grundschule-ab\/\" \/>\n<meta property=\"og:site_name\" content=\"Fondation Follereau Luxembourg\" \/>\n<meta property=\"article:published_time\" content=\"2023-06-01T13:43:13+00:00\" \/>\n<meta property=\"article:modified_time\" content=\"2023-06-02T09:20:56+00:00\" \/>\n<meta property=\"og:image\" content=\"https:\/\/ffl.lu\/wp-content\/uploads\/2023\/05\/image00128.jpeg\" \/>\n\t<meta property=\"og:image:width\" content=\"2049\" \/>\n\t<meta property=\"og:image:height\" content=\"1536\" \/>\n\t<meta property=\"og:image:type\" content=\"image\/jpeg\" \/>\n<meta name=\"author\" content=\"Gregory Monaco\" \/>\n<meta name=\"twitter:card\" content=\"summary_large_image\" \/>\n<meta name=\"twitter:label1\" content=\"Verfasst von\" \/>\n\t<meta name=\"twitter:data1\" content=\"Gregory Monaco\" \/>\n\t<meta name=\"twitter:label2\" content=\"Gesch\u00e4tzte Lesezeit\" \/>\n\t<meta name=\"twitter:data2\" content=\"3\u00a0Minuten\" \/>\n<script type=\"application\/ld+json\" class=\"yoast-schema-graph\">{\"@context\":\"https:\/\/schema.org\",\"@graph\":[{\"@type\":\"Article\",\"@id\":\"https:\/\/ffl.lu\/de\/2023\/06\/in-togo-brechen-76-der-jugendlichen-nach-der-grundschule-ab\/#article\",\"isPartOf\":{\"@id\":\"https:\/\/ffl.lu\/de\/2023\/06\/in-togo-brechen-76-der-jugendlichen-nach-der-grundschule-ab\/\"},\"author\":{\"name\":\"Gregory Monaco\",\"@id\":\"https:\/\/ffl.lu\/de\/#\/schema\/person\/f8c6c067ac1e4cfa1c1f45bdce0fa265\"},\"headline\":\"In Togo brechen 76% der Jugendlichen nach der Grundschule ab\",\"datePublished\":\"2023-06-01T13:43:13+00:00\",\"dateModified\":\"2023-06-02T09:20:56+00:00\",\"mainEntityOfPage\":{\"@id\":\"https:\/\/ffl.lu\/de\/2023\/06\/in-togo-brechen-76-der-jugendlichen-nach-der-grundschule-ab\/\"},\"wordCount\":584,\"commentCount\":0,\"image\":{\"@id\":\"https:\/\/ffl.lu\/de\/2023\/06\/in-togo-brechen-76-der-jugendlichen-nach-der-grundschule-ab\/#primaryimage\"},\"thumbnailUrl\":\"https:\/\/ffl.lu\/wp-content\/uploads\/2023\/05\/image00128.jpeg\",\"articleSection\":[\"Unkategorisiert\"],\"inLanguage\":\"de\"},{\"@type\":\"WebPage\",\"@id\":\"https:\/\/ffl.lu\/de\/2023\/06\/in-togo-brechen-76-der-jugendlichen-nach-der-grundschule-ab\/\",\"url\":\"https:\/\/ffl.lu\/de\/2023\/06\/in-togo-brechen-76-der-jugendlichen-nach-der-grundschule-ab\/\",\"name\":\"In Togo brechen 76% der Jugendlichen nach der Grundschule ab - Fondation Follereau Luxembourg\",\"isPartOf\":{\"@id\":\"https:\/\/ffl.lu\/de\/#website\"},\"primaryImageOfPage\":{\"@id\":\"https:\/\/ffl.lu\/de\/2023\/06\/in-togo-brechen-76-der-jugendlichen-nach-der-grundschule-ab\/#primaryimage\"},\"image\":{\"@id\":\"https:\/\/ffl.lu\/de\/2023\/06\/in-togo-brechen-76-der-jugendlichen-nach-der-grundschule-ab\/#primaryimage\"},\"thumbnailUrl\":\"https:\/\/ffl.lu\/wp-content\/uploads\/2023\/05\/image00128.jpeg\",\"datePublished\":\"2023-06-01T13:43:13+00:00\",\"dateModified\":\"2023-06-02T09:20:56+00:00\",\"author\":{\"@id\":\"https:\/\/ffl.lu\/de\/#\/schema\/person\/f8c6c067ac1e4cfa1c1f45bdce0fa265\"},\"breadcrumb\":{\"@id\":\"https:\/\/ffl.lu\/de\/2023\/06\/in-togo-brechen-76-der-jugendlichen-nach-der-grundschule-ab\/#breadcrumb\"},\"inLanguage\":\"de\",\"potentialAction\":[{\"@type\":\"ReadAction\",\"target\":[\"https:\/\/ffl.lu\/de\/2023\/06\/in-togo-brechen-76-der-jugendlichen-nach-der-grundschule-ab\/\"]}]},{\"@type\":\"ImageObject\",\"inLanguage\":\"de\",\"@id\":\"https:\/\/ffl.lu\/de\/2023\/06\/in-togo-brechen-76-der-jugendlichen-nach-der-grundschule-ab\/#primaryimage\",\"url\":\"https:\/\/ffl.lu\/wp-content\/uploads\/2023\/05\/image00128.jpeg\",\"contentUrl\":\"https:\/\/ffl.lu\/wp-content\/uploads\/2023\/05\/image00128.jpeg\",\"width\":2049,\"height\":1536},{\"@type\":\"BreadcrumbList\",\"@id\":\"https:\/\/ffl.lu\/de\/2023\/06\/in-togo-brechen-76-der-jugendlichen-nach-der-grundschule-ab\/#breadcrumb\",\"itemListElement\":[{\"@type\":\"ListItem\",\"position\":1,\"name\":\"Home\",\"item\":\"https:\/\/ffl.lu\/de\/\"},{\"@type\":\"ListItem\",\"position\":2,\"name\":\"In Togo brechen 76% der Jugendlichen nach der Grundschule ab\"}]},{\"@type\":\"WebSite\",\"@id\":\"https:\/\/ffl.lu\/de\/#website\",\"url\":\"https:\/\/ffl.lu\/de\/\",\"name\":\"Fondation Follereau Luxembourg\",\"description\":\"Tout seul, on va vite. Ensemble, on va plus loin\",\"potentialAction\":[{\"@type\":\"SearchAction\",\"target\":{\"@type\":\"EntryPoint\",\"urlTemplate\":\"https:\/\/ffl.lu\/de\/?s={search_term_string}\"},\"query-input\":{\"@type\":\"PropertyValueSpecification\",\"valueRequired\":true,\"valueName\":\"search_term_string\"}}],\"inLanguage\":\"de\"},{\"@type\":\"Person\",\"@id\":\"https:\/\/ffl.lu\/de\/#\/schema\/person\/f8c6c067ac1e4cfa1c1f45bdce0fa265\",\"name\":\"Gregory Monaco\",\"image\":{\"@type\":\"ImageObject\",\"inLanguage\":\"de\",\"@id\":\"https:\/\/ffl.lu\/de\/#\/schema\/person\/image\/\",\"url\":\"https:\/\/secure.gravatar.com\/avatar\/1841e6c5998c6d32ef56c02dfab23342b95390ed7738f4cac6603f7e1774161a?s=96&d=mm&r=g\",\"contentUrl\":\"https:\/\/secure.gravatar.com\/avatar\/1841e6c5998c6d32ef56c02dfab23342b95390ed7738f4cac6603f7e1774161a?s=96&d=mm&r=g\",\"caption\":\"Gregory Monaco\"},\"url\":\"https:\/\/ffl.lu\/de\/author\/gregory\/\"}]}<\/script>\n<!-- \/ Yoast SEO plugin. -->","yoast_head_json":{"title":"In Togo brechen 76% der Jugendlichen nach der Grundschule ab - Fondation Follereau Luxembourg","robots":{"index":"index","follow":"follow","max-snippet":"max-snippet:-1","max-image-preview":"max-image-preview:large","max-video-preview":"max-video-preview:-1"},"canonical":"https:\/\/ffl.lu\/de\/2023\/06\/in-togo-brechen-76-der-jugendlichen-nach-der-grundschule-ab\/","og_locale":"de_DE","og_type":"article","og_title":"In Togo brechen 76% der Jugendlichen nach der Grundschule ab - Fondation Follereau Luxembourg","og_description":"Aus diesem Grund hat sich die Fondation Follereau Luxembourg zusammen mit ihrem lokalen Partner, der AAT-FFL, f\u00fcr den Bau und die Entwicklung eines neuen Berufsbildungs- und Ausbildungszentrums f\u00fcr benachteiligte und [&hellip;]","og_url":"https:\/\/ffl.lu\/de\/2023\/06\/in-togo-brechen-76-der-jugendlichen-nach-der-grundschule-ab\/","og_site_name":"Fondation Follereau Luxembourg","article_published_time":"2023-06-01T13:43:13+00:00","article_modified_time":"2023-06-02T09:20:56+00:00","og_image":[{"width":2049,"height":1536,"url":"https:\/\/ffl.lu\/wp-content\/uploads\/2023\/05\/image00128.jpeg","type":"image\/jpeg"}],"author":"Gregory Monaco","twitter_card":"summary_large_image","twitter_misc":{"Verfasst von":"Gregory Monaco","Gesch\u00e4tzte Lesezeit":"3\u00a0Minuten"},"schema":{"@context":"https:\/\/schema.org","@graph":[{"@type":"Article","@id":"https:\/\/ffl.lu\/de\/2023\/06\/in-togo-brechen-76-der-jugendlichen-nach-der-grundschule-ab\/#article","isPartOf":{"@id":"https:\/\/ffl.lu\/de\/2023\/06\/in-togo-brechen-76-der-jugendlichen-nach-der-grundschule-ab\/"},"author":{"name":"Gregory Monaco","@id":"https:\/\/ffl.lu\/de\/#\/schema\/person\/f8c6c067ac1e4cfa1c1f45bdce0fa265"},"headline":"In Togo brechen 76% der Jugendlichen nach der Grundschule ab","datePublished":"2023-06-01T13:43:13+00:00","dateModified":"2023-06-02T09:20:56+00:00","mainEntityOfPage":{"@id":"https:\/\/ffl.lu\/de\/2023\/06\/in-togo-brechen-76-der-jugendlichen-nach-der-grundschule-ab\/"},"wordCount":584,"commentCount":0,"image":{"@id":"https:\/\/ffl.lu\/de\/2023\/06\/in-togo-brechen-76-der-jugendlichen-nach-der-grundschule-ab\/#primaryimage"},"thumbnailUrl":"https:\/\/ffl.lu\/wp-content\/uploads\/2023\/05\/image00128.jpeg","articleSection":["Unkategorisiert"],"inLanguage":"de"},{"@type":"WebPage","@id":"https:\/\/ffl.lu\/de\/2023\/06\/in-togo-brechen-76-der-jugendlichen-nach-der-grundschule-ab\/","url":"https:\/\/ffl.lu\/de\/2023\/06\/in-togo-brechen-76-der-jugendlichen-nach-der-grundschule-ab\/","name":"In Togo brechen 76% der Jugendlichen nach der Grundschule ab - Fondation Follereau Luxembourg","isPartOf":{"@id":"https:\/\/ffl.lu\/de\/#website"},"primaryImageOfPage":{"@id":"https:\/\/ffl.lu\/de\/2023\/06\/in-togo-brechen-76-der-jugendlichen-nach-der-grundschule-ab\/#primaryimage"},"image":{"@id":"https:\/\/ffl.lu\/de\/2023\/06\/in-togo-brechen-76-der-jugendlichen-nach-der-grundschule-ab\/#primaryimage"},"thumbnailUrl":"https:\/\/ffl.lu\/wp-content\/uploads\/2023\/05\/image00128.jpeg","datePublished":"2023-06-01T13:43:13+00:00","dateModified":"2023-06-02T09:20:56+00:00","author":{"@id":"https:\/\/ffl.lu\/de\/#\/schema\/person\/f8c6c067ac1e4cfa1c1f45bdce0fa265"},"breadcrumb":{"@id":"https:\/\/ffl.lu\/de\/2023\/06\/in-togo-brechen-76-der-jugendlichen-nach-der-grundschule-ab\/#breadcrumb"},"inLanguage":"de","potentialAction":[{"@type":"ReadAction","target":["https:\/\/ffl.lu\/de\/2023\/06\/in-togo-brechen-76-der-jugendlichen-nach-der-grundschule-ab\/"]}]},{"@type":"ImageObject","inLanguage":"de","@id":"https:\/\/ffl.lu\/de\/2023\/06\/in-togo-brechen-76-der-jugendlichen-nach-der-grundschule-ab\/#primaryimage","url":"https:\/\/ffl.lu\/wp-content\/uploads\/2023\/05\/image00128.jpeg","contentUrl":"https:\/\/ffl.lu\/wp-content\/uploads\/2023\/05\/image00128.jpeg","width":2049,"height":1536},{"@type":"BreadcrumbList","@id":"https:\/\/ffl.lu\/de\/2023\/06\/in-togo-brechen-76-der-jugendlichen-nach-der-grundschule-ab\/#breadcrumb","itemListElement":[{"@type":"ListItem","position":1,"name":"Home","item":"https:\/\/ffl.lu\/de\/"},{"@type":"ListItem","position":2,"name":"In Togo brechen 76% der Jugendlichen nach der Grundschule ab"}]},{"@type":"WebSite","@id":"https:\/\/ffl.lu\/de\/#website","url":"https:\/\/ffl.lu\/de\/","name":"Fondation Follereau Luxembourg","description":"Tout seul, on va vite. Ensemble, on va plus loin","potentialAction":[{"@type":"SearchAction","target":{"@type":"EntryPoint","urlTemplate":"https:\/\/ffl.lu\/de\/?s={search_term_string}"},"query-input":{"@type":"PropertyValueSpecification","valueRequired":true,"valueName":"search_term_string"}}],"inLanguage":"de"},{"@type":"Person","@id":"https:\/\/ffl.lu\/de\/#\/schema\/person\/f8c6c067ac1e4cfa1c1f45bdce0fa265","name":"Gregory Monaco","image":{"@type":"ImageObject","inLanguage":"de","@id":"https:\/\/ffl.lu\/de\/#\/schema\/person\/image\/","url":"https:\/\/secure.gravatar.com\/avatar\/1841e6c5998c6d32ef56c02dfab23342b95390ed7738f4cac6603f7e1774161a?s=96&d=mm&r=g","contentUrl":"https:\/\/secure.gravatar.com\/avatar\/1841e6c5998c6d32ef56c02dfab23342b95390ed7738f4cac6603f7e1774161a?s=96&d=mm&r=g","caption":"Gregory Monaco"},"url":"https:\/\/ffl.lu\/de\/author\/gregory\/"}]}},"_links":{"self":[{"href":"https:\/\/ffl.lu\/de\/wp-json\/wp\/v2\/posts\/5993","targetHints":{"allow":["GET"]}}],"collection":[{"href":"https:\/\/ffl.lu\/de\/wp-json\/wp\/v2\/posts"}],"about":[{"href":"https:\/\/ffl.lu\/de\/wp-json\/wp\/v2\/types\/post"}],"author":[{"embeddable":true,"href":"https:\/\/ffl.lu\/de\/wp-json\/wp\/v2\/users\/10"}],"replies":[{"embeddable":true,"href":"https:\/\/ffl.lu\/de\/wp-json\/wp\/v2\/comments?post=5993"}],"version-history":[{"count":6,"href":"https:\/\/ffl.lu\/de\/wp-json\/wp\/v2\/posts\/5993\/revisions"}],"predecessor-version":[{"id":6008,"href":"https:\/\/ffl.lu\/de\/wp-json\/wp\/v2\/posts\/5993\/revisions\/6008"}],"wp:featuredmedia":[{"embeddable":true,"href":"https:\/\/ffl.lu\/de\/wp-json\/wp\/v2\/media\/5896"}],"wp:attachment":[{"href":"https:\/\/ffl.lu\/de\/wp-json\/wp\/v2\/media?parent=5993"}],"wp:term":[{"taxonomy":"category","embeddable":true,"href":"https:\/\/ffl.lu\/de\/wp-json\/wp\/v2\/categories?post=5993"},{"taxonomy":"post_tag","embeddable":true,"href":"https:\/\/ffl.lu\/de\/wp-json\/wp\/v2\/tags?post=5993"}],"curies":[{"name":"wp","href":"https:\/\/api.w.org\/{rel}","templated":true}]}}