{"id":5708,"date":"2022-08-05T15:08:35","date_gmt":"2022-08-05T13:08:35","guid":{"rendered":"https:\/\/ffl.lu\/2022\/08\/zweite-ausgabe-des-challenge-for-a-better-world-rund-um-das-sdg-5-geschlechtergleichstellung-und-foerderung-der-selbstbestimmung-aller-frauen-und-maedchen\/"},"modified":"2022-08-05T15:08:35","modified_gmt":"2022-08-05T13:08:35","slug":"zweite-ausgabe-des-challenge-for-a-better-world-rund-um-das-sdg-5-geschlechtergleichstellung-und-foerderung-der-selbstbestimmung-aller-frauen-und-maedchen","status":"publish","type":"post","link":"https:\/\/ffl.lu\/de\/2022\/08\/zweite-ausgabe-des-challenge-for-a-better-world-rund-um-das-sdg-5-geschlechtergleichstellung-und-foerderung-der-selbstbestimmung-aller-frauen-und-maedchen\/","title":{"rendered":"Zweite Ausgabe des Challenge For a Better World rund um das SDG 5:  Geschlechtergleichstellung und F\u00f6rderung der Selbstbestimmung aller Frauen und M\u00e4dchen"},"content":{"rendered":"\n<p>&#8222;Es sind die individuellen Gesten, millionenfach wiederholt, die die Menschheit endlich in Bewegung setzen werden&#8220; &#8211; Raoul Follereau<\/p>\n\n<p>Die Fondation Follereau Luxembourg freut sich, Ihnen verk\u00fcnden zu k\u00f6nnen, dass die zweite Ausgabe der Veranstaltung &#8222;Challenge for a Better World&#8220; f\u00fcr gro\u00dfe und kleine Menschen aller Gesinnung <strong>am 23. und 24. September 2022 im Centre Sportif Romain Schoeder in Frisingen<\/strong> stattfinden wird.<\/p>\n\n<p>Diese Veranstaltung ist Teil unserer Aufkl\u00e4rungs- und Bildungsaufgaben im Bereich des Globalen Lernens. Jede Ausgabe stellt eines der <strong>SDGs<\/strong> der Vereinten Nationen in den Fokus. In diesem Jahr steht <strong>das Nachhaltigkeitsziel 5 f\u00fcr die Gleichstellung der Geschlechter und die St\u00e4rkung der Frauen und M\u00e4dchen<\/strong> im Mittelpunkt.<\/p>\n\n<p>Dieses Ziel ist ein <strong>unverzichtbarer Schritt auf dem Weg zu einer anderen, besseren Welt<\/strong>. Denn systemische Ungleichheiten erschweren das Leben vieler Menschen und vor allem Frauen in ihrer Selbstbestimmung. Es geht hier also darum, ein anderes Gesellschaftsmodell vorzuschlagen und dar\u00fcber nachzudenken, in dem das Geschlecht nicht mehr ein Faktor ist, der die individuellen Lebenswege bestimmt. Wie k\u00f6nnen wir also den Begriff \u201eGender\u201c dekonstruiren und einen Wandel einleiten.<\/p>\n\n<p><em>Das Challenge For A Better World wird eine Gelegenheit sein, herk\u00f6mmliche Denkmuster zu verlassen und gemeinsam zu \u00fcberlegen, welche M\u00f6glichkeiten den B\u00fcrgern zur Verf\u00fcgung stehen, um diese Gleichstellung zu erreichen.<\/em><\/p>\n\n<p>So finden am 23. und 24. September dieses Jahres eine Reihe von Veranstaltungen aller Art statt, die es erm\u00f6glichen, sich dem Thema auf vielf\u00e4ltige Weise zu n\u00e4hern.<\/p>\n\n<p><strong>Freitag, den 23. September ab 18 Uhr: Eine Reise durch die Zeit&#8230; Aus dem Jahr 2030. Die Fondation Follereau entdeckt unver\u00f6ffentlichte Archivmaterialien aus dem Jahr 2022, als die Gleichstellung der Geschlechter noch ein Ziel der Vereinten Nationen war.<\/strong><\/p>\n\n<p>An diesem Abend wird ein Austausch zwischen Referenten mit unterschiedlichen Erfahrungen stattfinden, die alle ein Ziel verfolgen: die Gleichstellung der Geschlechter. <\/p>\n\n<p>Die Teilnehmer werden in das Jahr 2030 versetzt, das Jahr, in dem die Vereinten Nationen die Frist f\u00fcr die Erreichung des Ziels der Gleichstellung der Geschlechter und F\u00f6rderung der Selbstbestimmung aller Frauen und M\u00e4dchen festgelegt haben. <\/p>\n\n<p>Wir werden uns dann in einer Parallelwelt befinden, in der die Gleichstellung der Geschlechter eine Tatsache und nicht etwa ein erkl\u00e4rtes Ziel ist. So blicken wir zur\u00fcck auf die Jahre 2015- 2022, in denen &#8211; wie manche sich erinnern k\u00f6nnen &#8211; die Gleichstellung der Geschlechter noch ein Ziel, das es zu erreichen galt, gewesen ist&#8230;! <\/p>\n\n<p>Die Diskussionsteilnehmer werden dann zu Zeitreisenden.<\/p>\n\n<p>In Raum-Zeit-Spr\u00fcngen, die vom \u201eMeister der Zeit\u201c Fr\u00e9deric Li\u00e9geois, Moderator dieses Meinungsaustauschs und Gesch\u00e4ftsleiter von Infogreen, aktiviert werden, werden die Teilnehmer auf ihre vergangenen Anekdoten aus den Jahren 2015-2022 zur\u00fcckblicken und die Schl\u00fcssel zu ihrem Erfolg mitteilen, damit wir 2030 auch tats\u00e4chlich die &#8222;Gleichstellung der Geschlechter&#8220; erreichen.<\/p>\n\n<p>Dieser Austausch durch die Zeit soll optimistisch und begeisterungsf\u00e4hig sein, um zu verstehen, wie es der Zivilgesellschaft im Jahr 2030 gelungen ist, dieses Ziel der Gleichberechtigung zu erreichen.<\/p>\n\n<p><strong>(Zur\u00fcck im Jahr 2022 &#8230;)<\/strong><\/p>\n\n<p><strong>Samstag, den 24. September ab 10 Uhr: Nehmen Sie an spielerischen Aktivit\u00e4ten teil, um die Geschlechterungleichheit abzubauen, und lassen Sie uns gemeinsam \u00fcber Geschlechtergerechtigkeit nachdenken.<\/strong><\/p>\n\n<p>Am Samstag ab 10 Uhr werden verschiedene Aktivit\u00e4ten angeboten, die f\u00fcr ein Publikum jeden Alters, jeder Herkunft und jeden Geschlechts interessant sind. Denn Jung und Alt k\u00f6nnen an verschiedenen Arten von Workshops teilnehmen, die alle mit dem Thema der Veranstaltung zusammenh\u00e4ngen: der Gleichstellung der Geschlechter.<\/p>\n\n<p><strong>F\u00fcr Kinder aller Altersgruppen wird Kreativit\u00e4t gefragt sein.<\/strong><\/p>\n\n<p>Die Kinder werden von klein an mit verschiedenen spielerischen Methoden f\u00fcr die Gleichstellung der Geschlechter sensibilisiert.<\/p>\n\n<p>Auf dem Programm stehen Lesen mit Tatta Tom, Geschichten basteln mit den magischen W\u00fcrfeln von Potty Lotty und das Ausdenken und Ein\u00fcben einer Choreografie in einem gemeinsamen Workshop mit Modestine Ekete und Fatou Diatta. Die Kinder k\u00f6nnen ihre Choreografie, wenn sie m\u00f6chten, bei einer Auff\u00fchrung um 16 Uhr auf der B\u00fchne pr\u00e4sentieren. <\/p>\n\n<p><strong>Auch die \u00e4lteren Kinder werden nicht zu kurz kommen. <\/strong><\/p>\n\n<p>Es wird eine vom Conseil National des Femmes erstellte Ausstellung \u00fcber &#8222;Luxemburger Sportlerinnen bei den Olympischen Spielen&#8220; gezeigt. Sie wird die Stellung der Frauen im Sport in Luxemburg beleuchten. <\/p>\n\n<p>Der Workshop &#8222;Gender Aquarium&#8220;, der von Fatou Diatta um 10:30 Uhr geleitet wird, soll dazu dienen, Ma\u00dfnahmen zu identifizieren, die den Wandel f\u00f6rdern und gleichzeitig ein besseres Verst\u00e4ndnis f\u00fcr die Bed\u00fcrfnisse anderer Menschen entwickeln.  <\/p>\n\n<p><strong>Es wird eine Reihe von Aktivit\u00e4ten zur Dekonstruktion des Begriffs \u201eGender\u201c vorgestellt. <\/strong><\/p>\n\n<p><strong>Dekonstruktion durch Kunst : <\/strong><\/p>\n\n<p>Trommelworkshop mit Bumbaba, &#8222;partizipatives Live-Painting&#8220; zum Thema Geschlechterdekonstruktion mit dem Graffiti-K\u00fcnstler David Soner und afrikanischer Tanz f\u00fcr alle mit Modestine Ekete.<\/p>\n\n<p><strong>Dekonstruktion durch eigene Herstellung : <\/strong><\/p>\n\n<p>Herstellung einer Pflanzenseife und einer nat\u00fcrlichen Duftkerze in zwei Missbak-Workshops, einer Marke, die sich ethischer, sozialer und solidarischer Naturkosmetik sowie der St\u00e4rkung von Frauen in der C\u00f4te-d&#8217;Ivoire verschrieben hat. <\/p>\n\n<p><strong>Dekonstruieren durch Diskussion : <\/strong><\/p>\n\n<p>Nachdenken, Klischees dekonstruieren und \u00fcber die Gleichstellung der Geschlechter lernen beim Zentrum fir Politesch Bildung und bei Allagi, die Workshops und Schulungen zu diesem Thema anbieten werden.<\/p>\n\n<p><strong>F\u00fcr Feinschmecker aller Gesinnung<\/strong> gibt es einen Afrikan Gourmet Food Truck, der afrikanische Gerichte anbietet. Au\u00dferdem gibt es einen Grillservice und einen Getr\u00e4nkestand. F\u00fcr Ihr leibliches Wohl ist gesorgt!<\/p>\n\n<p>Der Tag endet mit einer <strong>Jam-Session<\/strong> mit Bumbaba, Fatou Diatta und Modestine Ekete!<\/p>\n\n<p><a href=\"https:\/\/www.eventbrite.com\/e\/billets-challenge-for-better-world-journee-dactivites-388030207797\">Um an den Workshops teilzunehmen, ist eine Anmeldung hier erw\u00fcnscht: https:\/\/www.eventbrite.com\/e\/billets-challenge-for-better-world-journee-dactivites-388030207797 <\/a><\/p>\n\n<p>Wir freuen uns darauf, Sie zu treffen und diesen unterhaltsamen Tag mit Ihnen zu teilen. &#13;\nBis bald!&#13;\n<\/p>\n","protected":false},"excerpt":{"rendered":"<p>&#8222;Es sind die individuellen Gesten, millionenfach wiederholt, die die Menschheit endlich in Bewegung setzen werden&#8220; &#8211; Raoul Follereau Die Fondation Follereau Luxembourg freut sich, Ihnen verk\u00fcnden zu k\u00f6nnen, dass die [&hellip;]<\/p>\n","protected":false},"author":8,"featured_media":5704,"comment_status":"open","ping_status":"open","sticky":false,"template":"","format":"standard","meta":{"_acf_changed":false,"footnotes":""},"categories":[591],"tags":[1246,1241,1226,540,1245,1242,1240,1244,1243],"class_list":["post-5708","post","type-post","status-publish","format-standard","has-post-thumbnail","hentry","category-evenements-de","tag-austausch","tag-challengeforabetterworld-de","tag-egalite-des-genres-de","tag-fondation-follereau-de","tag-frisange-de","tag-geschlecht","tag-veranstaltung","tag-weekend-de","tag-workshops"],"acf":[],"yoast_head":"<!-- This site is optimized with the Yoast SEO plugin v27.1.1 - https:\/\/yoast.com\/product\/yoast-seo-wordpress\/ -->\n<title>Zweite Ausgabe des Challenge For a Better World rund um das SDG 5: Geschlechtergleichstellung und F\u00f6rderung der Selbstbestimmung aller Frauen und M\u00e4dchen - Fondation Follereau Luxembourg<\/title>\n<meta name=\"robots\" content=\"index, follow, max-snippet:-1, max-image-preview:large, max-video-preview:-1\" \/>\n<link rel=\"canonical\" href=\"https:\/\/ffl.lu\/de\/2022\/08\/zweite-ausgabe-des-challenge-for-a-better-world-rund-um-das-sdg-5-geschlechtergleichstellung-und-foerderung-der-selbstbestimmung-aller-frauen-und-maedchen\/\" \/>\n<meta property=\"og:locale\" content=\"de_DE\" \/>\n<meta property=\"og:type\" content=\"article\" \/>\n<meta property=\"og:title\" content=\"Zweite Ausgabe des Challenge For a Better World rund um das SDG 5: Geschlechtergleichstellung und F\u00f6rderung der Selbstbestimmung aller Frauen und M\u00e4dchen - Fondation Follereau Luxembourg\" \/>\n<meta property=\"og:description\" content=\"&#8222;Es sind die individuellen Gesten, millionenfach wiederholt, die die Menschheit endlich in Bewegung setzen werden&#8220; &#8211; Raoul Follereau Die Fondation Follereau Luxembourg freut sich, Ihnen verk\u00fcnden zu k\u00f6nnen, dass die [&hellip;]\" \/>\n<meta property=\"og:url\" content=\"https:\/\/ffl.lu\/de\/2022\/08\/zweite-ausgabe-des-challenge-for-a-better-world-rund-um-das-sdg-5-geschlechtergleichstellung-und-foerderung-der-selbstbestimmung-aller-frauen-und-maedchen\/\" \/>\n<meta property=\"og:site_name\" content=\"Fondation Follereau Luxembourg\" \/>\n<meta property=\"article:published_time\" content=\"2022-08-05T13:08:35+00:00\" \/>\n<meta property=\"og:image\" content=\"https:\/\/ffl.lu\/wp-content\/uploads\/2022\/08\/Challenge-for-better-world-2022-low.jpg\" \/>\n\t<meta property=\"og:image:width\" content=\"1448\" \/>\n\t<meta property=\"og:image:height\" content=\"1448\" \/>\n\t<meta property=\"og:image:type\" content=\"image\/jpeg\" \/>\n<meta name=\"author\" content=\"stage_ffl\" \/>\n<meta name=\"twitter:card\" content=\"summary_large_image\" \/>\n<meta name=\"twitter:label1\" content=\"Verfasst von\" \/>\n\t<meta name=\"twitter:data1\" content=\"stage_ffl\" \/>\n\t<meta name=\"twitter:label2\" content=\"Gesch\u00e4tzte Lesezeit\" \/>\n\t<meta name=\"twitter:data2\" content=\"5\u00a0Minuten\" \/>\n<script type=\"application\/ld+json\" class=\"yoast-schema-graph\">{\"@context\":\"https:\/\/schema.org\",\"@graph\":[{\"@type\":\"Article\",\"@id\":\"https:\/\/ffl.lu\/de\/2022\/08\/zweite-ausgabe-des-challenge-for-a-better-world-rund-um-das-sdg-5-geschlechtergleichstellung-und-foerderung-der-selbstbestimmung-aller-frauen-und-maedchen\/#article\",\"isPartOf\":{\"@id\":\"https:\/\/ffl.lu\/de\/2022\/08\/zweite-ausgabe-des-challenge-for-a-better-world-rund-um-das-sdg-5-geschlechtergleichstellung-und-foerderung-der-selbstbestimmung-aller-frauen-und-maedchen\/\"},\"author\":{\"name\":\"stage_ffl\",\"@id\":\"https:\/\/ffl.lu\/de\/#\/schema\/person\/548dda48e1b562b9f81e140ddd198c53\"},\"headline\":\"Zweite Ausgabe des Challenge For a Better World rund um das SDG 5: Geschlechtergleichstellung und F\u00f6rderung der Selbstbestimmung aller Frauen und M\u00e4dchen\",\"datePublished\":\"2022-08-05T13:08:35+00:00\",\"mainEntityOfPage\":{\"@id\":\"https:\/\/ffl.lu\/de\/2022\/08\/zweite-ausgabe-des-challenge-for-a-better-world-rund-um-das-sdg-5-geschlechtergleichstellung-und-foerderung-der-selbstbestimmung-aller-frauen-und-maedchen\/\"},\"wordCount\":926,\"commentCount\":0,\"image\":{\"@id\":\"https:\/\/ffl.lu\/de\/2022\/08\/zweite-ausgabe-des-challenge-for-a-better-world-rund-um-das-sdg-5-geschlechtergleichstellung-und-foerderung-der-selbstbestimmung-aller-frauen-und-maedchen\/#primaryimage\"},\"thumbnailUrl\":\"https:\/\/ffl.lu\/wp-content\/uploads\/2022\/08\/Challenge-for-better-world-2022-low.jpg\",\"keywords\":[\"Austausch\",\"ChallengeForABetterWorld\",\"\u00e9galit\u00e9 des genres\",\"Fondation Follereau\",\"frisange\",\"Geschlecht\",\"Veranstaltung\",\"weekend\",\"workshops\"],\"articleSection\":[\"Evenements\"],\"inLanguage\":\"de\"},{\"@type\":\"WebPage\",\"@id\":\"https:\/\/ffl.lu\/de\/2022\/08\/zweite-ausgabe-des-challenge-for-a-better-world-rund-um-das-sdg-5-geschlechtergleichstellung-und-foerderung-der-selbstbestimmung-aller-frauen-und-maedchen\/\",\"url\":\"https:\/\/ffl.lu\/de\/2022\/08\/zweite-ausgabe-des-challenge-for-a-better-world-rund-um-das-sdg-5-geschlechtergleichstellung-und-foerderung-der-selbstbestimmung-aller-frauen-und-maedchen\/\",\"name\":\"Zweite Ausgabe des Challenge For a Better World rund um das SDG 5: Geschlechtergleichstellung und F\u00f6rderung der Selbstbestimmung aller Frauen und M\u00e4dchen - Fondation Follereau Luxembourg\",\"isPartOf\":{\"@id\":\"https:\/\/ffl.lu\/de\/#website\"},\"primaryImageOfPage\":{\"@id\":\"https:\/\/ffl.lu\/de\/2022\/08\/zweite-ausgabe-des-challenge-for-a-better-world-rund-um-das-sdg-5-geschlechtergleichstellung-und-foerderung-der-selbstbestimmung-aller-frauen-und-maedchen\/#primaryimage\"},\"image\":{\"@id\":\"https:\/\/ffl.lu\/de\/2022\/08\/zweite-ausgabe-des-challenge-for-a-better-world-rund-um-das-sdg-5-geschlechtergleichstellung-und-foerderung-der-selbstbestimmung-aller-frauen-und-maedchen\/#primaryimage\"},\"thumbnailUrl\":\"https:\/\/ffl.lu\/wp-content\/uploads\/2022\/08\/Challenge-for-better-world-2022-low.jpg\",\"datePublished\":\"2022-08-05T13:08:35+00:00\",\"author\":{\"@id\":\"https:\/\/ffl.lu\/de\/#\/schema\/person\/548dda48e1b562b9f81e140ddd198c53\"},\"breadcrumb\":{\"@id\":\"https:\/\/ffl.lu\/de\/2022\/08\/zweite-ausgabe-des-challenge-for-a-better-world-rund-um-das-sdg-5-geschlechtergleichstellung-und-foerderung-der-selbstbestimmung-aller-frauen-und-maedchen\/#breadcrumb\"},\"inLanguage\":\"de\",\"potentialAction\":[{\"@type\":\"ReadAction\",\"target\":[\"https:\/\/ffl.lu\/de\/2022\/08\/zweite-ausgabe-des-challenge-for-a-better-world-rund-um-das-sdg-5-geschlechtergleichstellung-und-foerderung-der-selbstbestimmung-aller-frauen-und-maedchen\/\"]}]},{\"@type\":\"ImageObject\",\"inLanguage\":\"de\",\"@id\":\"https:\/\/ffl.lu\/de\/2022\/08\/zweite-ausgabe-des-challenge-for-a-better-world-rund-um-das-sdg-5-geschlechtergleichstellung-und-foerderung-der-selbstbestimmung-aller-frauen-und-maedchen\/#primaryimage\",\"url\":\"https:\/\/ffl.lu\/wp-content\/uploads\/2022\/08\/Challenge-for-better-world-2022-low.jpg\",\"contentUrl\":\"https:\/\/ffl.lu\/wp-content\/uploads\/2022\/08\/Challenge-for-better-world-2022-low.jpg\",\"width\":1448,\"height\":1448},{\"@type\":\"BreadcrumbList\",\"@id\":\"https:\/\/ffl.lu\/de\/2022\/08\/zweite-ausgabe-des-challenge-for-a-better-world-rund-um-das-sdg-5-geschlechtergleichstellung-und-foerderung-der-selbstbestimmung-aller-frauen-und-maedchen\/#breadcrumb\",\"itemListElement\":[{\"@type\":\"ListItem\",\"position\":1,\"name\":\"Home\",\"item\":\"https:\/\/ffl.lu\/de\/\"},{\"@type\":\"ListItem\",\"position\":2,\"name\":\"Zweite Ausgabe des Challenge For a Better World rund um das SDG 5: Geschlechtergleichstellung und F\u00f6rderung der Selbstbestimmung aller Frauen und M\u00e4dchen\"}]},{\"@type\":\"WebSite\",\"@id\":\"https:\/\/ffl.lu\/de\/#website\",\"url\":\"https:\/\/ffl.lu\/de\/\",\"name\":\"Fondation Follereau Luxembourg\",\"description\":\"Tout seul, on va vite. Ensemble, on va plus loin\",\"potentialAction\":[{\"@type\":\"SearchAction\",\"target\":{\"@type\":\"EntryPoint\",\"urlTemplate\":\"https:\/\/ffl.lu\/de\/?s={search_term_string}\"},\"query-input\":{\"@type\":\"PropertyValueSpecification\",\"valueRequired\":true,\"valueName\":\"search_term_string\"}}],\"inLanguage\":\"de\"},{\"@type\":\"Person\",\"@id\":\"https:\/\/ffl.lu\/de\/#\/schema\/person\/548dda48e1b562b9f81e140ddd198c53\",\"name\":\"stage_ffl\",\"image\":{\"@type\":\"ImageObject\",\"inLanguage\":\"de\",\"@id\":\"https:\/\/ffl.lu\/de\/#\/schema\/person\/image\/\",\"url\":\"https:\/\/secure.gravatar.com\/avatar\/ae246638353b1e1cbb4fdb998cdc31e04eb65d60938f95086a15fdfa92482e1c?s=96&d=mm&r=g\",\"contentUrl\":\"https:\/\/secure.gravatar.com\/avatar\/ae246638353b1e1cbb4fdb998cdc31e04eb65d60938f95086a15fdfa92482e1c?s=96&d=mm&r=g\",\"caption\":\"stage_ffl\"},\"url\":\"https:\/\/ffl.lu\/de\/author\/stage_ffl\/\"}]}<\/script>\n<!-- \/ Yoast SEO plugin. -->","yoast_head_json":{"title":"Zweite Ausgabe des Challenge For a Better World rund um das SDG 5: Geschlechtergleichstellung und F\u00f6rderung der Selbstbestimmung aller Frauen und M\u00e4dchen - Fondation Follereau Luxembourg","robots":{"index":"index","follow":"follow","max-snippet":"max-snippet:-1","max-image-preview":"max-image-preview:large","max-video-preview":"max-video-preview:-1"},"canonical":"https:\/\/ffl.lu\/de\/2022\/08\/zweite-ausgabe-des-challenge-for-a-better-world-rund-um-das-sdg-5-geschlechtergleichstellung-und-foerderung-der-selbstbestimmung-aller-frauen-und-maedchen\/","og_locale":"de_DE","og_type":"article","og_title":"Zweite Ausgabe des Challenge For a Better World rund um das SDG 5: Geschlechtergleichstellung und F\u00f6rderung der Selbstbestimmung aller Frauen und M\u00e4dchen - Fondation Follereau Luxembourg","og_description":"&#8222;Es sind die individuellen Gesten, millionenfach wiederholt, die die Menschheit endlich in Bewegung setzen werden&#8220; &#8211; Raoul Follereau Die Fondation Follereau Luxembourg freut sich, Ihnen verk\u00fcnden zu k\u00f6nnen, dass die [&hellip;]","og_url":"https:\/\/ffl.lu\/de\/2022\/08\/zweite-ausgabe-des-challenge-for-a-better-world-rund-um-das-sdg-5-geschlechtergleichstellung-und-foerderung-der-selbstbestimmung-aller-frauen-und-maedchen\/","og_site_name":"Fondation Follereau Luxembourg","article_published_time":"2022-08-05T13:08:35+00:00","og_image":[{"width":1448,"height":1448,"url":"https:\/\/ffl.lu\/wp-content\/uploads\/2022\/08\/Challenge-for-better-world-2022-low.jpg","type":"image\/jpeg"}],"author":"stage_ffl","twitter_card":"summary_large_image","twitter_misc":{"Verfasst von":"stage_ffl","Gesch\u00e4tzte Lesezeit":"5\u00a0Minuten"},"schema":{"@context":"https:\/\/schema.org","@graph":[{"@type":"Article","@id":"https:\/\/ffl.lu\/de\/2022\/08\/zweite-ausgabe-des-challenge-for-a-better-world-rund-um-das-sdg-5-geschlechtergleichstellung-und-foerderung-der-selbstbestimmung-aller-frauen-und-maedchen\/#article","isPartOf":{"@id":"https:\/\/ffl.lu\/de\/2022\/08\/zweite-ausgabe-des-challenge-for-a-better-world-rund-um-das-sdg-5-geschlechtergleichstellung-und-foerderung-der-selbstbestimmung-aller-frauen-und-maedchen\/"},"author":{"name":"stage_ffl","@id":"https:\/\/ffl.lu\/de\/#\/schema\/person\/548dda48e1b562b9f81e140ddd198c53"},"headline":"Zweite Ausgabe des Challenge For a Better World rund um das SDG 5: Geschlechtergleichstellung und F\u00f6rderung der Selbstbestimmung aller Frauen und M\u00e4dchen","datePublished":"2022-08-05T13:08:35+00:00","mainEntityOfPage":{"@id":"https:\/\/ffl.lu\/de\/2022\/08\/zweite-ausgabe-des-challenge-for-a-better-world-rund-um-das-sdg-5-geschlechtergleichstellung-und-foerderung-der-selbstbestimmung-aller-frauen-und-maedchen\/"},"wordCount":926,"commentCount":0,"image":{"@id":"https:\/\/ffl.lu\/de\/2022\/08\/zweite-ausgabe-des-challenge-for-a-better-world-rund-um-das-sdg-5-geschlechtergleichstellung-und-foerderung-der-selbstbestimmung-aller-frauen-und-maedchen\/#primaryimage"},"thumbnailUrl":"https:\/\/ffl.lu\/wp-content\/uploads\/2022\/08\/Challenge-for-better-world-2022-low.jpg","keywords":["Austausch","ChallengeForABetterWorld","\u00e9galit\u00e9 des genres","Fondation Follereau","frisange","Geschlecht","Veranstaltung","weekend","workshops"],"articleSection":["Evenements"],"inLanguage":"de"},{"@type":"WebPage","@id":"https:\/\/ffl.lu\/de\/2022\/08\/zweite-ausgabe-des-challenge-for-a-better-world-rund-um-das-sdg-5-geschlechtergleichstellung-und-foerderung-der-selbstbestimmung-aller-frauen-und-maedchen\/","url":"https:\/\/ffl.lu\/de\/2022\/08\/zweite-ausgabe-des-challenge-for-a-better-world-rund-um-das-sdg-5-geschlechtergleichstellung-und-foerderung-der-selbstbestimmung-aller-frauen-und-maedchen\/","name":"Zweite Ausgabe des Challenge For a Better World rund um das SDG 5: Geschlechtergleichstellung und F\u00f6rderung der Selbstbestimmung aller Frauen und M\u00e4dchen - Fondation Follereau Luxembourg","isPartOf":{"@id":"https:\/\/ffl.lu\/de\/#website"},"primaryImageOfPage":{"@id":"https:\/\/ffl.lu\/de\/2022\/08\/zweite-ausgabe-des-challenge-for-a-better-world-rund-um-das-sdg-5-geschlechtergleichstellung-und-foerderung-der-selbstbestimmung-aller-frauen-und-maedchen\/#primaryimage"},"image":{"@id":"https:\/\/ffl.lu\/de\/2022\/08\/zweite-ausgabe-des-challenge-for-a-better-world-rund-um-das-sdg-5-geschlechtergleichstellung-und-foerderung-der-selbstbestimmung-aller-frauen-und-maedchen\/#primaryimage"},"thumbnailUrl":"https:\/\/ffl.lu\/wp-content\/uploads\/2022\/08\/Challenge-for-better-world-2022-low.jpg","datePublished":"2022-08-05T13:08:35+00:00","author":{"@id":"https:\/\/ffl.lu\/de\/#\/schema\/person\/548dda48e1b562b9f81e140ddd198c53"},"breadcrumb":{"@id":"https:\/\/ffl.lu\/de\/2022\/08\/zweite-ausgabe-des-challenge-for-a-better-world-rund-um-das-sdg-5-geschlechtergleichstellung-und-foerderung-der-selbstbestimmung-aller-frauen-und-maedchen\/#breadcrumb"},"inLanguage":"de","potentialAction":[{"@type":"ReadAction","target":["https:\/\/ffl.lu\/de\/2022\/08\/zweite-ausgabe-des-challenge-for-a-better-world-rund-um-das-sdg-5-geschlechtergleichstellung-und-foerderung-der-selbstbestimmung-aller-frauen-und-maedchen\/"]}]},{"@type":"ImageObject","inLanguage":"de","@id":"https:\/\/ffl.lu\/de\/2022\/08\/zweite-ausgabe-des-challenge-for-a-better-world-rund-um-das-sdg-5-geschlechtergleichstellung-und-foerderung-der-selbstbestimmung-aller-frauen-und-maedchen\/#primaryimage","url":"https:\/\/ffl.lu\/wp-content\/uploads\/2022\/08\/Challenge-for-better-world-2022-low.jpg","contentUrl":"https:\/\/ffl.lu\/wp-content\/uploads\/2022\/08\/Challenge-for-better-world-2022-low.jpg","width":1448,"height":1448},{"@type":"BreadcrumbList","@id":"https:\/\/ffl.lu\/de\/2022\/08\/zweite-ausgabe-des-challenge-for-a-better-world-rund-um-das-sdg-5-geschlechtergleichstellung-und-foerderung-der-selbstbestimmung-aller-frauen-und-maedchen\/#breadcrumb","itemListElement":[{"@type":"ListItem","position":1,"name":"Home","item":"https:\/\/ffl.lu\/de\/"},{"@type":"ListItem","position":2,"name":"Zweite Ausgabe des Challenge For a Better World rund um das SDG 5: Geschlechtergleichstellung und F\u00f6rderung der Selbstbestimmung aller Frauen und M\u00e4dchen"}]},{"@type":"WebSite","@id":"https:\/\/ffl.lu\/de\/#website","url":"https:\/\/ffl.lu\/de\/","name":"Fondation Follereau Luxembourg","description":"Tout seul, on va vite. Ensemble, on va plus loin","potentialAction":[{"@type":"SearchAction","target":{"@type":"EntryPoint","urlTemplate":"https:\/\/ffl.lu\/de\/?s={search_term_string}"},"query-input":{"@type":"PropertyValueSpecification","valueRequired":true,"valueName":"search_term_string"}}],"inLanguage":"de"},{"@type":"Person","@id":"https:\/\/ffl.lu\/de\/#\/schema\/person\/548dda48e1b562b9f81e140ddd198c53","name":"stage_ffl","image":{"@type":"ImageObject","inLanguage":"de","@id":"https:\/\/ffl.lu\/de\/#\/schema\/person\/image\/","url":"https:\/\/secure.gravatar.com\/avatar\/ae246638353b1e1cbb4fdb998cdc31e04eb65d60938f95086a15fdfa92482e1c?s=96&d=mm&r=g","contentUrl":"https:\/\/secure.gravatar.com\/avatar\/ae246638353b1e1cbb4fdb998cdc31e04eb65d60938f95086a15fdfa92482e1c?s=96&d=mm&r=g","caption":"stage_ffl"},"url":"https:\/\/ffl.lu\/de\/author\/stage_ffl\/"}]}},"_links":{"self":[{"href":"https:\/\/ffl.lu\/de\/wp-json\/wp\/v2\/posts\/5708","targetHints":{"allow":["GET"]}}],"collection":[{"href":"https:\/\/ffl.lu\/de\/wp-json\/wp\/v2\/posts"}],"about":[{"href":"https:\/\/ffl.lu\/de\/wp-json\/wp\/v2\/types\/post"}],"author":[{"embeddable":true,"href":"https:\/\/ffl.lu\/de\/wp-json\/wp\/v2\/users\/8"}],"replies":[{"embeddable":true,"href":"https:\/\/ffl.lu\/de\/wp-json\/wp\/v2\/comments?post=5708"}],"version-history":[{"count":1,"href":"https:\/\/ffl.lu\/de\/wp-json\/wp\/v2\/posts\/5708\/revisions"}],"predecessor-version":[{"id":5709,"href":"https:\/\/ffl.lu\/de\/wp-json\/wp\/v2\/posts\/5708\/revisions\/5709"}],"wp:featuredmedia":[{"embeddable":true,"href":"https:\/\/ffl.lu\/de\/wp-json\/wp\/v2\/media\/5704"}],"wp:attachment":[{"href":"https:\/\/ffl.lu\/de\/wp-json\/wp\/v2\/media?parent=5708"}],"wp:term":[{"taxonomy":"category","embeddable":true,"href":"https:\/\/ffl.lu\/de\/wp-json\/wp\/v2\/categories?post=5708"},{"taxonomy":"post_tag","embeddable":true,"href":"https:\/\/ffl.lu\/de\/wp-json\/wp\/v2\/tags?post=5708"}],"curies":[{"name":"wp","href":"https:\/\/api.w.org\/{rel}","templated":true}]}}