{"id":4565,"date":"2021-03-17T13:23:43","date_gmt":"2021-03-17T12:23:43","guid":{"rendered":"https:\/\/ffl.lu\/2021\/03\/le-digital-au-profit-du-champs-des-possibles\/"},"modified":"2021-03-30T11:06:48","modified_gmt":"2021-03-30T09:06:48","slug":"le-digital-au-profit-du-champs-des-possibles","status":"publish","type":"post","link":"https:\/\/ffl.lu\/de\/2021\/03\/le-digital-au-profit-du-champs-des-possibles\/","title":{"rendered":"Digital in die Welt der unendlichen M\u00f6glichkeiten"},"content":{"rendered":"\n<p><strong>Im Jahr 2020 konnten wir im Rahmen unseres <a href=\"https:\/\/ffl.lu\/projets\/education\/mind-the-gap\/\" target=\"_blank\" rel=\"noreferrer noopener\">Mind the Gap<\/a>-Projekts erneut Computerausr\u00fcstungen, die den Sch\u00fclern der beg\u00fcnstigten Schulen zugutekommen, an unsere lokalen Partner in Benin und Togo schicken.<\/strong><\/p>\n\n\n\n<p>Leider ist der Zugang zu IT-Tools nicht f\u00fcr jeden gegeben. Wir befinden uns heute in einer Zeit, in der die Technologie in Frage gestellt wird, weil wir uns der Gefahren bewusst sind, die ihre Nutzung mit sich bringt: Umweltverschmutzung, Gesundheit, Verbreitung von Falschinformationen, Ethik&#8230; Es ist notwendig, diese \u00dcberlegungen anzustellen, denn es gibt in der Tat noch viel zu tun in diesem Bereich. Aber wir m\u00f6chten auch daran erinnern, welchen Mehrwert die Technologie mit sich bringt, oder besser gesagt, was uns verwehrt bleibt, wenn wir dieses Werkzeug nicht zur Hand haben: Zugang zu Informationen, Wissen, Ausbildung und Bildung, Kommunikation und Austausch (vor allem aus der Ferne), Besch\u00e4ftigungsf\u00e4higkeit sowie all das, was sie im Alltag erleichtert&#8230; Aus diesen Gr\u00fcnden <strong>ist es f\u00fcr die Fondation Follereau Luxembourg wichtig, die digitale Kluft zwischen Nord und S\u00fcd zu verringern, w\u00e4hrend sie gleichzeitig f\u00fcr eine gerechtere und nachhaltigere Technologie sorgt.<\/strong><\/p>\n\n\n\n<p>Oft stellt der Besitz eines notwendigen Werkzeugs das einzige Hindernis im Blick auf den Zugang zur Technologie dar. Insbesondere in Schulen, in denen es f\u00fcr die Einrichtung von elementaren Computerkursen schlichtweg an Computern mangelt&#8230; Und genau hier setzt die Stiftung an.<\/p>\n\n\n\n<p>Das Ziel des Projekts ist ganz einfach: <strong>Wir tragen zur Verringerung der digitalen Kluft zwischen Nord und S\u00fcd bei, indem wir von unseren F\u00f6rderern gespendete Computerausr\u00fcstung an unsere lokalen Partner in Benin und Togo schicken.<\/strong> Letztere sind dann sowohl f\u00fcr die Auswahl der Schulen, als auch f\u00fcr die Programmierung, Verteilung und Installation der Ger\u00e4te verantwortlich.<\/p>\n\n\n\n<h3 class=\"wp-block-heading\"><strong>Warum Togo und Benin?<\/strong><\/h3>\n\n\n\n<p>Zun\u00e4chst einmal stehen alle Projekte der Stiftung im Einklang mit den nationalen Strategien der L\u00e4nder, in denen sie t\u00e4tig ist. Sowohl in Benin als auch in Togo ist die Digitalisierung eine nationale Priorit\u00e4t. Zus\u00e4tzlich haben unsere lokalen Partner den Wunsch ge\u00e4u\u00dfert, dieses Projekt aufzubauen und hatten die n\u00f6tigen Ressourcen und Zeit, die es daf\u00fcr aufzuwenden gilt. Au\u00dferdem besteht bei einer gewissen Anzahl von Schulen, die M\u00f6glichkeit, die Computerausr\u00fcstung aufzunehmen und Computerkurse zu geben. Es ist auch wichtig zu erw\u00e4hnen, dass es in diesen beiden L\u00e4ndern gesicherte Parks f\u00fcr das Recycling von elektronischen und elektrischen Ger\u00e4ten gibt, so dass die in den Schulen ausgetauschten Ger\u00e4te in Zukunft auch unter den richtigen Bedingungen recycelt werden k\u00f6nnen.<\/p>\n\n\n\n<h3 class=\"wp-block-heading\"><strong>Was sind die Zulassungsvoraussetzungen f\u00fcr Schulen?<\/strong><\/h3>\n\n\n\n<p>Die Schulen m\u00fcssen bestimmte Grundkriterien erf\u00fcllen, um die Installation und die ordnungsgem\u00e4\u00dfe Nutzung der Ger\u00e4te zu erm\u00f6glichen, wie z. B. Stromstandards in der Schule, einen Klassenraum, der f\u00fcr den Computerkurs vorgesehen und vor schlechtem Wetter und Diebstahl gesch\u00fctzt ist, qualifiziertes Personal f\u00fcr den Unterricht und Zeit, die im Lehrplan der Schule f\u00fcr diese Ausbildung vorgesehen ist.<\/p>\n\n\n\n<h3 class=\"wp-block-heading\"><strong>Was sind die Zulassungsvoraussetzungen f\u00fcr Sponsoren?<\/strong><\/h3>\n\n\n\n<p>Wir suchen Ger\u00e4te vom Typ PC (MAC ist vor Ort nicht kompatibel), die h\u00f6chstens 5 Jahre alt sind, um eine gewisse Lebensdauer und Qualit\u00e4t zu garantieren, sobald sie vor Ort sind. Wir organisieren eine Abholung mithilfe unseres Logistikpartners ab 10 Ger\u00e4ten. Au\u00dferdem m\u00fcssen die Ger\u00e4te gereinigt und verpackt werden. Aus all diesen Gr\u00fcnden sind unsere Spender oft luxemburgische Unternehmen und Organisationen, die regelm\u00e4\u00dfig ihre IT-Ausr\u00fcstung austauschen m\u00fcssen. In Bezug auf die Ausstattung ben\u00f6tigen wir Zentraleinheiten, Bildschirme, Tastaturen, M\u00e4use und Kabel (Stromversorgung und Konnektivit\u00e4t).<\/p>\n\n\n\n<h3 class=\"wp-block-heading\"><strong>Wie hoch ist das Budget f\u00fcr das Projekt?<\/strong><\/h3>\n\n\n\n<p>F\u00fcr die Durchf\u00fchrung dieses Projekts wird ein Budget von 15.000 \u20ac pro Land ben\u00f6tigt, wovon die H\u00e4lfte f\u00fcr Aktivit\u00e4ten im Gro\u00dfherzogtum Luxemburg (Suche nach Ausr\u00fcstung, Abholung, Reinigung, Lagerung, Versand) und die andere H\u00e4lfte f\u00fcr Aktivit\u00e4ten in Benin oder Togo (Zollabfertigung, Transport, Lagerung, Programmierung, Verteilung, Installation und Nachbereitung) vorgesehen ist.<\/p>\n\n\n\n<p>Mind the Gap ist also nicht nur ein technologisches, sondern auch ein finanzielles Sponsoring, da wir die Mittel ben\u00f6tigen, um die verschiedenen Aspekte des Projekts zu verwalten.<\/p>\n\n\n\n<h3 class=\"wp-block-heading\"><strong>Worauf sind wir bei Mind the Gap 2020 stolz?<\/strong><\/h3>\n\n\n\n<p>Aufgrund der Anzahl der am Projekt beteiligten Akteure und der Beschr\u00e4nkungen in Bezug auf die Computerausstattung stellt Mind the Gap eine logistische und koordinatorische Herausforderung dar. Aber auch in diesem Jahr haben es wieder mehrere <a href=\"https:\/\/ffl.lu\/de\/sengager\/mobiliser-votre-entreprise\/\" target=\"_blank\" rel=\"noreferrer noopener\">Sponsoren<\/a> m\u00f6glich gemacht: <strong>ein herzlichen Dank an<\/strong> <strong>Creos<\/strong>, <strong>EBRC<\/strong>, <strong>BCEE<\/strong>, <strong>Foyer <\/strong>und <strong>Streff<\/strong> f\u00fcr ihr Engagement bei diesem Projekt!<\/p>\n\n\n\n<p>Audrey Bruckmann, die im IT-Management- und Administrationsteam von Foyer Assurances arbeitet, fasst es so zusammen: <em>&#8222;Mind the Gap, Abbau von Ungleichheiten beim Zugang zur digitalen Welt: eine sehr sch\u00f6ne Initiative, die wir unterst\u00fctzen und zu der wir gerne beigetragen haben. Danke und Gl\u00fcckwunsch an die Fondation Follereau und ihre Partner f\u00fcr die perfekte Koordination dabei, unserer Computerausr\u00fcstung durch dieses Projekt ein zweites Leben zu geben. &#8222;<\/em><\/p>\n\n\n\n<p>Schlussendlich kann uns das Feedback unserer Partner durch Fotos der Ger\u00e4te, die vor Ort angekommen, in den Schulen installiert und von den Sch\u00fclern genutzt werden, sehr stolz auf die Arbeit machen, die wir alle gemeinsam f\u00fcr eine ethische und gerechte Technologie geleistet haben.<\/p>\n\n\n\n<figure class=\"wp-block-image size-large\"><img loading=\"lazy\" decoding=\"async\" width=\"653\" height=\"317\" src=\"https:\/\/ffl.lu\/wp-content\/uploads\/2021\/03\/pic.png\" alt=\"\" class=\"wp-image-4555\"\/><\/figure>\n","protected":false},"excerpt":{"rendered":"<p>Im Jahr 2020 konnten wir im Rahmen unseres Mind the Gap-Projekts erneut Computerausr\u00fcstungen, die den Sch\u00fclern der beg\u00fcnstigten Schulen zugutekommen, an unsere lokalen Partner in Benin und Togo schicken. Leider [&hellip;]<\/p>\n","protected":false},"author":8,"featured_media":4554,"comment_status":"open","ping_status":"open","sticky":false,"template":"","format":"standard","meta":{"_acf_changed":false,"footnotes":""},"categories":[39],"tags":[774,1081,1140,1141,1142,1082,600,1143,1088,1123,1084],"class_list":["post-4565","post","type-post","status-publish","format-standard","has-post-thumbnail","hentry","category-unkategorisiert","tag-bcee-de","tag-bildung","tag-creos-de","tag-ebrc-2-de","tag-foyer-assurances-de","tag-fundraising-de","tag-mind-the-gap-de","tag-non-classifiee-de-17","tag-non-classifiee-de","tag-non-classifiee-de-13","tag-technologien"],"acf":[],"yoast_head":"<!-- This site is optimized with the Yoast SEO plugin v27.1.1 - https:\/\/yoast.com\/product\/yoast-seo-wordpress\/ -->\n<title>Digital in die Welt der unendlichen M\u00f6glichkeiten - Fondation Follereau Luxembourg<\/title>\n<meta name=\"robots\" content=\"index, follow, max-snippet:-1, max-image-preview:large, max-video-preview:-1\" \/>\n<link rel=\"canonical\" href=\"https:\/\/ffl.lu\/de\/2021\/03\/le-digital-au-profit-du-champs-des-possibles\/\" \/>\n<meta property=\"og:locale\" content=\"de_DE\" \/>\n<meta property=\"og:type\" content=\"article\" \/>\n<meta property=\"og:title\" content=\"Digital in die Welt der unendlichen M\u00f6glichkeiten - Fondation Follereau Luxembourg\" \/>\n<meta property=\"og:description\" content=\"Im Jahr 2020 konnten wir im Rahmen unseres Mind the Gap-Projekts erneut Computerausr\u00fcstungen, die den Sch\u00fclern der beg\u00fcnstigten Schulen zugutekommen, an unsere lokalen Partner in Benin und Togo schicken. Leider [&hellip;]\" \/>\n<meta property=\"og:url\" content=\"https:\/\/ffl.lu\/de\/2021\/03\/le-digital-au-profit-du-champs-des-possibles\/\" \/>\n<meta property=\"og:site_name\" content=\"Fondation Follereau Luxembourg\" \/>\n<meta property=\"article:published_time\" content=\"2021-03-17T12:23:43+00:00\" \/>\n<meta property=\"article:modified_time\" content=\"2021-03-30T09:06:48+00:00\" \/>\n<meta property=\"og:image\" content=\"https:\/\/ffl.lu\/wp-content\/uploads\/2021\/03\/pic-avant.jpg\" \/>\n\t<meta property=\"og:image:width\" content=\"1819\" \/>\n\t<meta property=\"og:image:height\" content=\"2009\" \/>\n\t<meta property=\"og:image:type\" content=\"image\/jpeg\" \/>\n<meta name=\"author\" content=\"stage_ffl\" \/>\n<meta name=\"twitter:card\" content=\"summary_large_image\" \/>\n<meta name=\"twitter:label1\" content=\"Verfasst von\" \/>\n\t<meta name=\"twitter:data1\" content=\"stage_ffl\" \/>\n\t<meta name=\"twitter:label2\" content=\"Gesch\u00e4tzte Lesezeit\" \/>\n\t<meta name=\"twitter:data2\" content=\"4\u00a0Minuten\" \/>\n<script type=\"application\/ld+json\" class=\"yoast-schema-graph\">{\"@context\":\"https:\/\/schema.org\",\"@graph\":[{\"@type\":\"Article\",\"@id\":\"https:\/\/ffl.lu\/de\/2021\/03\/le-digital-au-profit-du-champs-des-possibles\/#article\",\"isPartOf\":{\"@id\":\"https:\/\/ffl.lu\/de\/2021\/03\/le-digital-au-profit-du-champs-des-possibles\/\"},\"author\":{\"name\":\"stage_ffl\",\"@id\":\"https:\/\/ffl.lu\/de\/#\/schema\/person\/548dda48e1b562b9f81e140ddd198c53\"},\"headline\":\"Digital in die Welt der unendlichen M\u00f6glichkeiten\",\"datePublished\":\"2021-03-17T12:23:43+00:00\",\"dateModified\":\"2021-03-30T09:06:48+00:00\",\"mainEntityOfPage\":{\"@id\":\"https:\/\/ffl.lu\/de\/2021\/03\/le-digital-au-profit-du-champs-des-possibles\/\"},\"wordCount\":882,\"commentCount\":0,\"image\":{\"@id\":\"https:\/\/ffl.lu\/de\/2021\/03\/le-digital-au-profit-du-champs-des-possibles\/#primaryimage\"},\"thumbnailUrl\":\"https:\/\/ffl.lu\/wp-content\/uploads\/2021\/03\/pic-avant.jpg\",\"keywords\":[\"BCEE\",\"Bildung\",\"Creos\",\"EBRC\",\"Foyer Assurances\",\"Fundraising\",\"Mind The Gap\",\"Non classifi\u00e9(e)\",\"Non classifi\u00e9(e)\",\"Non classifi\u00e9(e)\",\"Technologien\"],\"articleSection\":[\"Unkategorisiert\"],\"inLanguage\":\"de\"},{\"@type\":\"WebPage\",\"@id\":\"https:\/\/ffl.lu\/de\/2021\/03\/le-digital-au-profit-du-champs-des-possibles\/\",\"url\":\"https:\/\/ffl.lu\/de\/2021\/03\/le-digital-au-profit-du-champs-des-possibles\/\",\"name\":\"Digital in die Welt der unendlichen M\u00f6glichkeiten - Fondation Follereau Luxembourg\",\"isPartOf\":{\"@id\":\"https:\/\/ffl.lu\/de\/#website\"},\"primaryImageOfPage\":{\"@id\":\"https:\/\/ffl.lu\/de\/2021\/03\/le-digital-au-profit-du-champs-des-possibles\/#primaryimage\"},\"image\":{\"@id\":\"https:\/\/ffl.lu\/de\/2021\/03\/le-digital-au-profit-du-champs-des-possibles\/#primaryimage\"},\"thumbnailUrl\":\"https:\/\/ffl.lu\/wp-content\/uploads\/2021\/03\/pic-avant.jpg\",\"datePublished\":\"2021-03-17T12:23:43+00:00\",\"dateModified\":\"2021-03-30T09:06:48+00:00\",\"author\":{\"@id\":\"https:\/\/ffl.lu\/de\/#\/schema\/person\/548dda48e1b562b9f81e140ddd198c53\"},\"breadcrumb\":{\"@id\":\"https:\/\/ffl.lu\/de\/2021\/03\/le-digital-au-profit-du-champs-des-possibles\/#breadcrumb\"},\"inLanguage\":\"de\",\"potentialAction\":[{\"@type\":\"ReadAction\",\"target\":[\"https:\/\/ffl.lu\/de\/2021\/03\/le-digital-au-profit-du-champs-des-possibles\/\"]}]},{\"@type\":\"ImageObject\",\"inLanguage\":\"de\",\"@id\":\"https:\/\/ffl.lu\/de\/2021\/03\/le-digital-au-profit-du-champs-des-possibles\/#primaryimage\",\"url\":\"https:\/\/ffl.lu\/wp-content\/uploads\/2021\/03\/pic-avant.jpg\",\"contentUrl\":\"https:\/\/ffl.lu\/wp-content\/uploads\/2021\/03\/pic-avant.jpg\",\"width\":1819,\"height\":2009},{\"@type\":\"BreadcrumbList\",\"@id\":\"https:\/\/ffl.lu\/de\/2021\/03\/le-digital-au-profit-du-champs-des-possibles\/#breadcrumb\",\"itemListElement\":[{\"@type\":\"ListItem\",\"position\":1,\"name\":\"Home\",\"item\":\"https:\/\/ffl.lu\/de\/\"},{\"@type\":\"ListItem\",\"position\":2,\"name\":\"Digital in die Welt der unendlichen M\u00f6glichkeiten\"}]},{\"@type\":\"WebSite\",\"@id\":\"https:\/\/ffl.lu\/de\/#website\",\"url\":\"https:\/\/ffl.lu\/de\/\",\"name\":\"Fondation Follereau Luxembourg\",\"description\":\"Tout seul, on va vite. Ensemble, on va plus loin\",\"potentialAction\":[{\"@type\":\"SearchAction\",\"target\":{\"@type\":\"EntryPoint\",\"urlTemplate\":\"https:\/\/ffl.lu\/de\/?s={search_term_string}\"},\"query-input\":{\"@type\":\"PropertyValueSpecification\",\"valueRequired\":true,\"valueName\":\"search_term_string\"}}],\"inLanguage\":\"de\"},{\"@type\":\"Person\",\"@id\":\"https:\/\/ffl.lu\/de\/#\/schema\/person\/548dda48e1b562b9f81e140ddd198c53\",\"name\":\"stage_ffl\",\"image\":{\"@type\":\"ImageObject\",\"inLanguage\":\"de\",\"@id\":\"https:\/\/ffl.lu\/de\/#\/schema\/person\/image\/\",\"url\":\"https:\/\/secure.gravatar.com\/avatar\/ae246638353b1e1cbb4fdb998cdc31e04eb65d60938f95086a15fdfa92482e1c?s=96&d=mm&r=g\",\"contentUrl\":\"https:\/\/secure.gravatar.com\/avatar\/ae246638353b1e1cbb4fdb998cdc31e04eb65d60938f95086a15fdfa92482e1c?s=96&d=mm&r=g\",\"caption\":\"stage_ffl\"},\"url\":\"https:\/\/ffl.lu\/de\/author\/stage_ffl\/\"}]}<\/script>\n<!-- \/ Yoast SEO plugin. -->","yoast_head_json":{"title":"Digital in die Welt der unendlichen M\u00f6glichkeiten - Fondation Follereau Luxembourg","robots":{"index":"index","follow":"follow","max-snippet":"max-snippet:-1","max-image-preview":"max-image-preview:large","max-video-preview":"max-video-preview:-1"},"canonical":"https:\/\/ffl.lu\/de\/2021\/03\/le-digital-au-profit-du-champs-des-possibles\/","og_locale":"de_DE","og_type":"article","og_title":"Digital in die Welt der unendlichen M\u00f6glichkeiten - Fondation Follereau Luxembourg","og_description":"Im Jahr 2020 konnten wir im Rahmen unseres Mind the Gap-Projekts erneut Computerausr\u00fcstungen, die den Sch\u00fclern der beg\u00fcnstigten Schulen zugutekommen, an unsere lokalen Partner in Benin und Togo schicken. Leider [&hellip;]","og_url":"https:\/\/ffl.lu\/de\/2021\/03\/le-digital-au-profit-du-champs-des-possibles\/","og_site_name":"Fondation Follereau Luxembourg","article_published_time":"2021-03-17T12:23:43+00:00","article_modified_time":"2021-03-30T09:06:48+00:00","og_image":[{"width":1819,"height":2009,"url":"https:\/\/ffl.lu\/wp-content\/uploads\/2021\/03\/pic-avant.jpg","type":"image\/jpeg"}],"author":"stage_ffl","twitter_card":"summary_large_image","twitter_misc":{"Verfasst von":"stage_ffl","Gesch\u00e4tzte Lesezeit":"4\u00a0Minuten"},"schema":{"@context":"https:\/\/schema.org","@graph":[{"@type":"Article","@id":"https:\/\/ffl.lu\/de\/2021\/03\/le-digital-au-profit-du-champs-des-possibles\/#article","isPartOf":{"@id":"https:\/\/ffl.lu\/de\/2021\/03\/le-digital-au-profit-du-champs-des-possibles\/"},"author":{"name":"stage_ffl","@id":"https:\/\/ffl.lu\/de\/#\/schema\/person\/548dda48e1b562b9f81e140ddd198c53"},"headline":"Digital in die Welt der unendlichen M\u00f6glichkeiten","datePublished":"2021-03-17T12:23:43+00:00","dateModified":"2021-03-30T09:06:48+00:00","mainEntityOfPage":{"@id":"https:\/\/ffl.lu\/de\/2021\/03\/le-digital-au-profit-du-champs-des-possibles\/"},"wordCount":882,"commentCount":0,"image":{"@id":"https:\/\/ffl.lu\/de\/2021\/03\/le-digital-au-profit-du-champs-des-possibles\/#primaryimage"},"thumbnailUrl":"https:\/\/ffl.lu\/wp-content\/uploads\/2021\/03\/pic-avant.jpg","keywords":["BCEE","Bildung","Creos","EBRC","Foyer Assurances","Fundraising","Mind The Gap","Non classifi\u00e9(e)","Non classifi\u00e9(e)","Non classifi\u00e9(e)","Technologien"],"articleSection":["Unkategorisiert"],"inLanguage":"de"},{"@type":"WebPage","@id":"https:\/\/ffl.lu\/de\/2021\/03\/le-digital-au-profit-du-champs-des-possibles\/","url":"https:\/\/ffl.lu\/de\/2021\/03\/le-digital-au-profit-du-champs-des-possibles\/","name":"Digital in die Welt der unendlichen M\u00f6glichkeiten - Fondation Follereau Luxembourg","isPartOf":{"@id":"https:\/\/ffl.lu\/de\/#website"},"primaryImageOfPage":{"@id":"https:\/\/ffl.lu\/de\/2021\/03\/le-digital-au-profit-du-champs-des-possibles\/#primaryimage"},"image":{"@id":"https:\/\/ffl.lu\/de\/2021\/03\/le-digital-au-profit-du-champs-des-possibles\/#primaryimage"},"thumbnailUrl":"https:\/\/ffl.lu\/wp-content\/uploads\/2021\/03\/pic-avant.jpg","datePublished":"2021-03-17T12:23:43+00:00","dateModified":"2021-03-30T09:06:48+00:00","author":{"@id":"https:\/\/ffl.lu\/de\/#\/schema\/person\/548dda48e1b562b9f81e140ddd198c53"},"breadcrumb":{"@id":"https:\/\/ffl.lu\/de\/2021\/03\/le-digital-au-profit-du-champs-des-possibles\/#breadcrumb"},"inLanguage":"de","potentialAction":[{"@type":"ReadAction","target":["https:\/\/ffl.lu\/de\/2021\/03\/le-digital-au-profit-du-champs-des-possibles\/"]}]},{"@type":"ImageObject","inLanguage":"de","@id":"https:\/\/ffl.lu\/de\/2021\/03\/le-digital-au-profit-du-champs-des-possibles\/#primaryimage","url":"https:\/\/ffl.lu\/wp-content\/uploads\/2021\/03\/pic-avant.jpg","contentUrl":"https:\/\/ffl.lu\/wp-content\/uploads\/2021\/03\/pic-avant.jpg","width":1819,"height":2009},{"@type":"BreadcrumbList","@id":"https:\/\/ffl.lu\/de\/2021\/03\/le-digital-au-profit-du-champs-des-possibles\/#breadcrumb","itemListElement":[{"@type":"ListItem","position":1,"name":"Home","item":"https:\/\/ffl.lu\/de\/"},{"@type":"ListItem","position":2,"name":"Digital in die Welt der unendlichen M\u00f6glichkeiten"}]},{"@type":"WebSite","@id":"https:\/\/ffl.lu\/de\/#website","url":"https:\/\/ffl.lu\/de\/","name":"Fondation Follereau Luxembourg","description":"Tout seul, on va vite. Ensemble, on va plus loin","potentialAction":[{"@type":"SearchAction","target":{"@type":"EntryPoint","urlTemplate":"https:\/\/ffl.lu\/de\/?s={search_term_string}"},"query-input":{"@type":"PropertyValueSpecification","valueRequired":true,"valueName":"search_term_string"}}],"inLanguage":"de"},{"@type":"Person","@id":"https:\/\/ffl.lu\/de\/#\/schema\/person\/548dda48e1b562b9f81e140ddd198c53","name":"stage_ffl","image":{"@type":"ImageObject","inLanguage":"de","@id":"https:\/\/ffl.lu\/de\/#\/schema\/person\/image\/","url":"https:\/\/secure.gravatar.com\/avatar\/ae246638353b1e1cbb4fdb998cdc31e04eb65d60938f95086a15fdfa92482e1c?s=96&d=mm&r=g","contentUrl":"https:\/\/secure.gravatar.com\/avatar\/ae246638353b1e1cbb4fdb998cdc31e04eb65d60938f95086a15fdfa92482e1c?s=96&d=mm&r=g","caption":"stage_ffl"},"url":"https:\/\/ffl.lu\/de\/author\/stage_ffl\/"}]}},"_links":{"self":[{"href":"https:\/\/ffl.lu\/de\/wp-json\/wp\/v2\/posts\/4565","targetHints":{"allow":["GET"]}}],"collection":[{"href":"https:\/\/ffl.lu\/de\/wp-json\/wp\/v2\/posts"}],"about":[{"href":"https:\/\/ffl.lu\/de\/wp-json\/wp\/v2\/types\/post"}],"author":[{"embeddable":true,"href":"https:\/\/ffl.lu\/de\/wp-json\/wp\/v2\/users\/8"}],"replies":[{"embeddable":true,"href":"https:\/\/ffl.lu\/de\/wp-json\/wp\/v2\/comments?post=4565"}],"version-history":[{"count":3,"href":"https:\/\/ffl.lu\/de\/wp-json\/wp\/v2\/posts\/4565\/revisions"}],"predecessor-version":[{"id":4591,"href":"https:\/\/ffl.lu\/de\/wp-json\/wp\/v2\/posts\/4565\/revisions\/4591"}],"wp:featuredmedia":[{"embeddable":true,"href":"https:\/\/ffl.lu\/de\/wp-json\/wp\/v2\/media\/4554"}],"wp:attachment":[{"href":"https:\/\/ffl.lu\/de\/wp-json\/wp\/v2\/media?parent=4565"}],"wp:term":[{"taxonomy":"category","embeddable":true,"href":"https:\/\/ffl.lu\/de\/wp-json\/wp\/v2\/categories?post=4565"},{"taxonomy":"post_tag","embeddable":true,"href":"https:\/\/ffl.lu\/de\/wp-json\/wp\/v2\/tags?post=4565"}],"curies":[{"name":"wp","href":"https:\/\/api.w.org\/{rel}","templated":true}]}}