{"id":3760,"date":"2013-01-14T00:00:00","date_gmt":"2013-01-14T00:00:00","guid":{"rendered":"https:\/\/www.ffl.lu\/2013\/01\/betzdorf-unterstutzt-ffl-projekt-in-burkina-faso-mit-2-000-euro\/"},"modified":"2020-06-22T12:34:45","modified_gmt":"2020-06-22T12:34:45","slug":"betzdorf-unterstutzt-ffl-projekt-in-burkina-faso-mit-2-000-euro","status":"publish","type":"post","link":"https:\/\/ffl.lu\/de\/2013\/01\/betzdorf-unterstutzt-ffl-projekt-in-burkina-faso-mit-2-000-euro\/","title":{"rendered":"Betzdorf unterst\u00fctzt FFL in Burkina Faso"},"content":{"rendered":"<p style=\"text-align: justify;\"><strong>Luxemburg, 11.01.2013 \u2013 Die Gemeinde Betzdorf hat sich auch 2013 dazu entschlossen, die FFL finanziell zu unterst\u00fctzen. In diesem Jahr sieht die Gemeinde die Spende f\u00fcr ein Gesundheitszentrum in Burkina Faso vor: in Leungo, 140 Kilometer nord\u00f6stlich von der Hauptstadt Ouagadougou gelegen.&nbsp;<\/strong><\/p>\n<p>\u201eWir m\u00f6chten die Zukunft des Gesundheitszentrums in Leungo sichern\u201c sagte B\u00fcrgermeister Rhett Sinner strahlend bei der Scheck\u00fcbergabe am Freitag. Die Gemeinde Betzdorf hatte das sogenannte \u201eCentre de Sant\u00e9 et de Promotion Sociale\u201c in Leungo bereits 2010 unterst\u00fctzt, damals stand der Bau des Zentrums bevor.<\/p>\n\n\n<figure class=\"wp-block-image size-large\"><img loading=\"lazy\" decoding=\"async\" width=\"300\" height=\"348\" src=\"https:\/\/www.ffl.lu\/wp-content\/uploads\/2020\/05\/DSC09807_2.jpg\" alt=\"\" class=\"wp-image-2797\"\/><figcaption>B\u00fcrgermeister Rhett Sinner und PR-Verantwortliche Megan Hurst<\/figcaption><\/figure>\n\n\n\n<p>Da das Geb\u00e4ude mittlerweile bezugsfertig ist, startet die FFL nun die Phase der Einrichtung des Gesundheitszentrums: Dazu geh\u00f6rt neben dem Einkauf von Medikamenten und medizinischem Material, auch die Auswahl und Einstellung von Personal.<\/p>\n\n\n\n<p>Das Gesundheitszentrum ist gezielt in Leungo errichtet worden, da dort tausende Menschen w\u00e4hrend der Regenzeit keinen Zugang zu medizinischen Dienstleistungen haben.<\/p>\n\n\n\n<p>Das \u201eCentre de Sant\u00e9 et de Promotion Sociale\u201c bietet allgemeinmedizinische Behandlungen und eine Informationsstelle der Gemeinde an, zudem besitzt das Zentrum eine Entbindungsstation und eine Apotheke.<\/p>\n\n\n\n<p>Das gesamte FFL-Team war Ende Dezember voller Freude als nach der letzten Sitzung des Gemeinderates von Betzdorf feststand, dass auch die Fondation Follereau Luxembourg zu den auserw\u00e4hlten Partnern geh\u00f6rt, die finanziell unterst\u00fctzt werden. Die Gemeinde Betzdorf vergibt zwei Mal j\u00e4hrlich Zusch\u00fcsse f\u00fcr gute Zwecke.<\/p>\n","protected":false},"excerpt":{"rendered":"<p>Luxemburg, 11.01.2013 \u2013 Die Gemeinde Betzdorf hat sich auch 2013 dazu entschlossen, die FFL finanziell zu unterst\u00fctzen. In diesem Jahr sieht die Gemeinde die Spende f\u00fcr ein Gesundheitszentrum in Burkina [&hellip;]<\/p>\n","protected":false},"author":1,"featured_media":2801,"comment_status":"open","ping_status":"closed","sticky":false,"template":"","format":"standard","meta":{"_acf_changed":false,"footnotes":""},"categories":[639],"tags":[921,938,922],"class_list":["post-3760","post","type-post","status-publish","format-standard","has-post-thumbnail","hentry","category-non-classe-de","tag-betzdorf-de","tag-gesundheit-2","tag-leungo-de"],"acf":[],"yoast_head":"<!-- This site is optimized with the Yoast SEO plugin v27.1.1 - https:\/\/yoast.com\/product\/yoast-seo-wordpress\/ -->\n<title>Betzdorf unterst\u00fctzt FFL in Burkina Faso - Fondation Follereau Luxembourg<\/title>\n<meta name=\"robots\" content=\"index, follow, max-snippet:-1, max-image-preview:large, max-video-preview:-1\" \/>\n<link rel=\"canonical\" href=\"https:\/\/ffl.lu\/de\/2013\/01\/betzdorf-unterstutzt-ffl-projekt-in-burkina-faso-mit-2-000-euro\/\" \/>\n<meta property=\"og:locale\" content=\"de_DE\" \/>\n<meta property=\"og:type\" content=\"article\" \/>\n<meta property=\"og:title\" content=\"Betzdorf unterst\u00fctzt FFL in Burkina Faso - Fondation Follereau Luxembourg\" \/>\n<meta property=\"og:description\" content=\"Luxemburg, 11.01.2013 \u2013 Die Gemeinde Betzdorf hat sich auch 2013 dazu entschlossen, die FFL finanziell zu unterst\u00fctzen. In diesem Jahr sieht die Gemeinde die Spende f\u00fcr ein Gesundheitszentrum in Burkina [&hellip;]\" \/>\n<meta property=\"og:url\" content=\"https:\/\/ffl.lu\/de\/2013\/01\/betzdorf-unterstutzt-ffl-projekt-in-burkina-faso-mit-2-000-euro\/\" \/>\n<meta property=\"og:site_name\" content=\"Fondation Follereau Luxembourg\" \/>\n<meta property=\"article:published_time\" content=\"2013-01-14T00:00:00+00:00\" \/>\n<meta property=\"article:modified_time\" content=\"2020-06-22T12:34:45+00:00\" \/>\n<meta property=\"og:image\" content=\"https:\/\/ffl.lu\/wp-content\/uploads\/2013\/01\/merci.png\" \/>\n\t<meta property=\"og:image:width\" content=\"960\" \/>\n\t<meta property=\"og:image:height\" content=\"960\" \/>\n\t<meta property=\"og:image:type\" content=\"image\/png\" \/>\n<meta name=\"author\" content=\"mark\" \/>\n<meta name=\"twitter:card\" content=\"summary_large_image\" \/>\n<meta name=\"twitter:label1\" content=\"Verfasst von\" \/>\n\t<meta name=\"twitter:data1\" content=\"mark\" \/>\n\t<meta name=\"twitter:label2\" content=\"Gesch\u00e4tzte Lesezeit\" \/>\n\t<meta name=\"twitter:data2\" content=\"1\u00a0Minute\" \/>\n<script type=\"application\/ld+json\" class=\"yoast-schema-graph\">{\"@context\":\"https:\/\/schema.org\",\"@graph\":[{\"@type\":\"Article\",\"@id\":\"https:\/\/ffl.lu\/de\/2013\/01\/betzdorf-unterstutzt-ffl-projekt-in-burkina-faso-mit-2-000-euro\/#article\",\"isPartOf\":{\"@id\":\"https:\/\/ffl.lu\/de\/2013\/01\/betzdorf-unterstutzt-ffl-projekt-in-burkina-faso-mit-2-000-euro\/\"},\"author\":{\"name\":\"mark\",\"@id\":\"https:\/\/ffl.lu\/de\/#\/schema\/person\/ccaebb96539db056e9ae500a3add55dd\"},\"headline\":\"Betzdorf unterst\u00fctzt FFL in Burkina Faso\",\"datePublished\":\"2013-01-14T00:00:00+00:00\",\"dateModified\":\"2020-06-22T12:34:45+00:00\",\"mainEntityOfPage\":{\"@id\":\"https:\/\/ffl.lu\/de\/2013\/01\/betzdorf-unterstutzt-ffl-projekt-in-burkina-faso-mit-2-000-euro\/\"},\"wordCount\":237,\"commentCount\":0,\"image\":{\"@id\":\"https:\/\/ffl.lu\/de\/2013\/01\/betzdorf-unterstutzt-ffl-projekt-in-burkina-faso-mit-2-000-euro\/#primaryimage\"},\"thumbnailUrl\":\"https:\/\/ffl.lu\/wp-content\/uploads\/2013\/01\/merci.png\",\"keywords\":[\"Betzdorf\",\"Gesundheit\",\"Leungo\"],\"articleSection\":[\"Non class\u00e9\"],\"inLanguage\":\"de\"},{\"@type\":\"WebPage\",\"@id\":\"https:\/\/ffl.lu\/de\/2013\/01\/betzdorf-unterstutzt-ffl-projekt-in-burkina-faso-mit-2-000-euro\/\",\"url\":\"https:\/\/ffl.lu\/de\/2013\/01\/betzdorf-unterstutzt-ffl-projekt-in-burkina-faso-mit-2-000-euro\/\",\"name\":\"Betzdorf unterst\u00fctzt FFL in Burkina Faso - Fondation Follereau Luxembourg\",\"isPartOf\":{\"@id\":\"https:\/\/ffl.lu\/de\/#website\"},\"primaryImageOfPage\":{\"@id\":\"https:\/\/ffl.lu\/de\/2013\/01\/betzdorf-unterstutzt-ffl-projekt-in-burkina-faso-mit-2-000-euro\/#primaryimage\"},\"image\":{\"@id\":\"https:\/\/ffl.lu\/de\/2013\/01\/betzdorf-unterstutzt-ffl-projekt-in-burkina-faso-mit-2-000-euro\/#primaryimage\"},\"thumbnailUrl\":\"https:\/\/ffl.lu\/wp-content\/uploads\/2013\/01\/merci.png\",\"datePublished\":\"2013-01-14T00:00:00+00:00\",\"dateModified\":\"2020-06-22T12:34:45+00:00\",\"author\":{\"@id\":\"https:\/\/ffl.lu\/de\/#\/schema\/person\/ccaebb96539db056e9ae500a3add55dd\"},\"breadcrumb\":{\"@id\":\"https:\/\/ffl.lu\/de\/2013\/01\/betzdorf-unterstutzt-ffl-projekt-in-burkina-faso-mit-2-000-euro\/#breadcrumb\"},\"inLanguage\":\"de\",\"potentialAction\":[{\"@type\":\"ReadAction\",\"target\":[\"https:\/\/ffl.lu\/de\/2013\/01\/betzdorf-unterstutzt-ffl-projekt-in-burkina-faso-mit-2-000-euro\/\"]}]},{\"@type\":\"ImageObject\",\"inLanguage\":\"de\",\"@id\":\"https:\/\/ffl.lu\/de\/2013\/01\/betzdorf-unterstutzt-ffl-projekt-in-burkina-faso-mit-2-000-euro\/#primaryimage\",\"url\":\"https:\/\/ffl.lu\/wp-content\/uploads\/2013\/01\/merci.png\",\"contentUrl\":\"https:\/\/ffl.lu\/wp-content\/uploads\/2013\/01\/merci.png\",\"width\":960,\"height\":960},{\"@type\":\"BreadcrumbList\",\"@id\":\"https:\/\/ffl.lu\/de\/2013\/01\/betzdorf-unterstutzt-ffl-projekt-in-burkina-faso-mit-2-000-euro\/#breadcrumb\",\"itemListElement\":[{\"@type\":\"ListItem\",\"position\":1,\"name\":\"Home\",\"item\":\"https:\/\/ffl.lu\/de\/\"},{\"@type\":\"ListItem\",\"position\":2,\"name\":\"Betzdorf unterst\u00fctzt FFL in Burkina Faso\"}]},{\"@type\":\"WebSite\",\"@id\":\"https:\/\/ffl.lu\/de\/#website\",\"url\":\"https:\/\/ffl.lu\/de\/\",\"name\":\"Fondation Follereau Luxembourg\",\"description\":\"Tout seul, on va vite. Ensemble, on va plus loin\",\"potentialAction\":[{\"@type\":\"SearchAction\",\"target\":{\"@type\":\"EntryPoint\",\"urlTemplate\":\"https:\/\/ffl.lu\/de\/?s={search_term_string}\"},\"query-input\":{\"@type\":\"PropertyValueSpecification\",\"valueRequired\":true,\"valueName\":\"search_term_string\"}}],\"inLanguage\":\"de\"},{\"@type\":\"Person\",\"@id\":\"https:\/\/ffl.lu\/de\/#\/schema\/person\/ccaebb96539db056e9ae500a3add55dd\",\"name\":\"mark\",\"image\":{\"@type\":\"ImageObject\",\"inLanguage\":\"de\",\"@id\":\"https:\/\/ffl.lu\/de\/#\/schema\/person\/image\/\",\"url\":\"https:\/\/secure.gravatar.com\/avatar\/ce96f9eedffc79eab8c7d97078b476a4df2ed3579c296fed4e23db8a1c05703c?s=96&d=mm&r=g\",\"contentUrl\":\"https:\/\/secure.gravatar.com\/avatar\/ce96f9eedffc79eab8c7d97078b476a4df2ed3579c296fed4e23db8a1c05703c?s=96&d=mm&r=g\",\"caption\":\"mark\"},\"url\":\"https:\/\/ffl.lu\/de\/author\/mark\/\"}]}<\/script>\n<!-- \/ Yoast SEO plugin. -->","yoast_head_json":{"title":"Betzdorf unterst\u00fctzt FFL in Burkina Faso - Fondation Follereau Luxembourg","robots":{"index":"index","follow":"follow","max-snippet":"max-snippet:-1","max-image-preview":"max-image-preview:large","max-video-preview":"max-video-preview:-1"},"canonical":"https:\/\/ffl.lu\/de\/2013\/01\/betzdorf-unterstutzt-ffl-projekt-in-burkina-faso-mit-2-000-euro\/","og_locale":"de_DE","og_type":"article","og_title":"Betzdorf unterst\u00fctzt FFL in Burkina Faso - Fondation Follereau Luxembourg","og_description":"Luxemburg, 11.01.2013 \u2013 Die Gemeinde Betzdorf hat sich auch 2013 dazu entschlossen, die FFL finanziell zu unterst\u00fctzen. In diesem Jahr sieht die Gemeinde die Spende f\u00fcr ein Gesundheitszentrum in Burkina [&hellip;]","og_url":"https:\/\/ffl.lu\/de\/2013\/01\/betzdorf-unterstutzt-ffl-projekt-in-burkina-faso-mit-2-000-euro\/","og_site_name":"Fondation Follereau Luxembourg","article_published_time":"2013-01-14T00:00:00+00:00","article_modified_time":"2020-06-22T12:34:45+00:00","og_image":[{"width":960,"height":960,"url":"https:\/\/ffl.lu\/wp-content\/uploads\/2013\/01\/merci.png","type":"image\/png"}],"author":"mark","twitter_card":"summary_large_image","twitter_misc":{"Verfasst von":"mark","Gesch\u00e4tzte Lesezeit":"1\u00a0Minute"},"schema":{"@context":"https:\/\/schema.org","@graph":[{"@type":"Article","@id":"https:\/\/ffl.lu\/de\/2013\/01\/betzdorf-unterstutzt-ffl-projekt-in-burkina-faso-mit-2-000-euro\/#article","isPartOf":{"@id":"https:\/\/ffl.lu\/de\/2013\/01\/betzdorf-unterstutzt-ffl-projekt-in-burkina-faso-mit-2-000-euro\/"},"author":{"name":"mark","@id":"https:\/\/ffl.lu\/de\/#\/schema\/person\/ccaebb96539db056e9ae500a3add55dd"},"headline":"Betzdorf unterst\u00fctzt FFL in Burkina Faso","datePublished":"2013-01-14T00:00:00+00:00","dateModified":"2020-06-22T12:34:45+00:00","mainEntityOfPage":{"@id":"https:\/\/ffl.lu\/de\/2013\/01\/betzdorf-unterstutzt-ffl-projekt-in-burkina-faso-mit-2-000-euro\/"},"wordCount":237,"commentCount":0,"image":{"@id":"https:\/\/ffl.lu\/de\/2013\/01\/betzdorf-unterstutzt-ffl-projekt-in-burkina-faso-mit-2-000-euro\/#primaryimage"},"thumbnailUrl":"https:\/\/ffl.lu\/wp-content\/uploads\/2013\/01\/merci.png","keywords":["Betzdorf","Gesundheit","Leungo"],"articleSection":["Non class\u00e9"],"inLanguage":"de"},{"@type":"WebPage","@id":"https:\/\/ffl.lu\/de\/2013\/01\/betzdorf-unterstutzt-ffl-projekt-in-burkina-faso-mit-2-000-euro\/","url":"https:\/\/ffl.lu\/de\/2013\/01\/betzdorf-unterstutzt-ffl-projekt-in-burkina-faso-mit-2-000-euro\/","name":"Betzdorf unterst\u00fctzt FFL in Burkina Faso - Fondation Follereau Luxembourg","isPartOf":{"@id":"https:\/\/ffl.lu\/de\/#website"},"primaryImageOfPage":{"@id":"https:\/\/ffl.lu\/de\/2013\/01\/betzdorf-unterstutzt-ffl-projekt-in-burkina-faso-mit-2-000-euro\/#primaryimage"},"image":{"@id":"https:\/\/ffl.lu\/de\/2013\/01\/betzdorf-unterstutzt-ffl-projekt-in-burkina-faso-mit-2-000-euro\/#primaryimage"},"thumbnailUrl":"https:\/\/ffl.lu\/wp-content\/uploads\/2013\/01\/merci.png","datePublished":"2013-01-14T00:00:00+00:00","dateModified":"2020-06-22T12:34:45+00:00","author":{"@id":"https:\/\/ffl.lu\/de\/#\/schema\/person\/ccaebb96539db056e9ae500a3add55dd"},"breadcrumb":{"@id":"https:\/\/ffl.lu\/de\/2013\/01\/betzdorf-unterstutzt-ffl-projekt-in-burkina-faso-mit-2-000-euro\/#breadcrumb"},"inLanguage":"de","potentialAction":[{"@type":"ReadAction","target":["https:\/\/ffl.lu\/de\/2013\/01\/betzdorf-unterstutzt-ffl-projekt-in-burkina-faso-mit-2-000-euro\/"]}]},{"@type":"ImageObject","inLanguage":"de","@id":"https:\/\/ffl.lu\/de\/2013\/01\/betzdorf-unterstutzt-ffl-projekt-in-burkina-faso-mit-2-000-euro\/#primaryimage","url":"https:\/\/ffl.lu\/wp-content\/uploads\/2013\/01\/merci.png","contentUrl":"https:\/\/ffl.lu\/wp-content\/uploads\/2013\/01\/merci.png","width":960,"height":960},{"@type":"BreadcrumbList","@id":"https:\/\/ffl.lu\/de\/2013\/01\/betzdorf-unterstutzt-ffl-projekt-in-burkina-faso-mit-2-000-euro\/#breadcrumb","itemListElement":[{"@type":"ListItem","position":1,"name":"Home","item":"https:\/\/ffl.lu\/de\/"},{"@type":"ListItem","position":2,"name":"Betzdorf unterst\u00fctzt FFL in Burkina Faso"}]},{"@type":"WebSite","@id":"https:\/\/ffl.lu\/de\/#website","url":"https:\/\/ffl.lu\/de\/","name":"Fondation Follereau Luxembourg","description":"Tout seul, on va vite. Ensemble, on va plus loin","potentialAction":[{"@type":"SearchAction","target":{"@type":"EntryPoint","urlTemplate":"https:\/\/ffl.lu\/de\/?s={search_term_string}"},"query-input":{"@type":"PropertyValueSpecification","valueRequired":true,"valueName":"search_term_string"}}],"inLanguage":"de"},{"@type":"Person","@id":"https:\/\/ffl.lu\/de\/#\/schema\/person\/ccaebb96539db056e9ae500a3add55dd","name":"mark","image":{"@type":"ImageObject","inLanguage":"de","@id":"https:\/\/ffl.lu\/de\/#\/schema\/person\/image\/","url":"https:\/\/secure.gravatar.com\/avatar\/ce96f9eedffc79eab8c7d97078b476a4df2ed3579c296fed4e23db8a1c05703c?s=96&d=mm&r=g","contentUrl":"https:\/\/secure.gravatar.com\/avatar\/ce96f9eedffc79eab8c7d97078b476a4df2ed3579c296fed4e23db8a1c05703c?s=96&d=mm&r=g","caption":"mark"},"url":"https:\/\/ffl.lu\/de\/author\/mark\/"}]}},"_links":{"self":[{"href":"https:\/\/ffl.lu\/de\/wp-json\/wp\/v2\/posts\/3760","targetHints":{"allow":["GET"]}}],"collection":[{"href":"https:\/\/ffl.lu\/de\/wp-json\/wp\/v2\/posts"}],"about":[{"href":"https:\/\/ffl.lu\/de\/wp-json\/wp\/v2\/types\/post"}],"author":[{"embeddable":true,"href":"https:\/\/ffl.lu\/de\/wp-json\/wp\/v2\/users\/1"}],"replies":[{"embeddable":true,"href":"https:\/\/ffl.lu\/de\/wp-json\/wp\/v2\/comments?post=3760"}],"version-history":[{"count":2,"href":"https:\/\/ffl.lu\/de\/wp-json\/wp\/v2\/posts\/3760\/revisions"}],"predecessor-version":[{"id":3776,"href":"https:\/\/ffl.lu\/de\/wp-json\/wp\/v2\/posts\/3760\/revisions\/3776"}],"wp:featuredmedia":[{"embeddable":true,"href":"https:\/\/ffl.lu\/de\/wp-json\/wp\/v2\/media\/2801"}],"wp:attachment":[{"href":"https:\/\/ffl.lu\/de\/wp-json\/wp\/v2\/media?parent=3760"}],"wp:term":[{"taxonomy":"category","embeddable":true,"href":"https:\/\/ffl.lu\/de\/wp-json\/wp\/v2\/categories?post=3760"},{"taxonomy":"post_tag","embeddable":true,"href":"https:\/\/ffl.lu\/de\/wp-json\/wp\/v2\/tags?post=3760"}],"curies":[{"name":"wp","href":"https:\/\/api.w.org\/{rel}","templated":true}]}}