{"id":3644,"date":"2017-12-15T00:00:00","date_gmt":"2017-12-15T00:00:00","guid":{"rendered":"https:\/\/www.ffl.lu\/2017\/12\/journee-internationale-de-la-solidarite-humaine\/"},"modified":"2022-10-07T14:01:24","modified_gmt":"2022-10-07T12:01:24","slug":"journee-internationale-de-la-solidarite-humaine","status":"publish","type":"post","link":"https:\/\/ffl.lu\/de\/2017\/12\/journee-internationale-de-la-solidarite-humaine\/","title":{"rendered":"Es lebe die menschliche Solidarit\u00e4t"},"content":{"rendered":"<p><strong>Am 20. Dezember wird die menschliche Solidarit\u00e4t auf der ganzen Welt gefeiert.<\/strong><\/p>\n<p><strong>Die Gelegenheit Ihnen f\u00fcr Ihre Gro\u00dfz\u00fcgigkeit zu danken. Ohne Sie w\u00fcrden unsere Projekte nicht existieren.<\/strong>\u00a0Durch ihren Beitrag hatten dieses Jahr zahlreiche Menschen Zugang zu einer hochwertigen Gesundheitsversorgung, Jugendliche konnten eine Berufsausbildung absolvieren und Menschen, die durch ihre gesundheitliche Situation von der Gesellschaft ausgeschlossen wurden, haben ihre W\u00fcrde zur\u00fcckerlangt. Die Ergebnisse unserer Projekte sind sehr ermutigend. Ein Grund mehr weiterhin die Grundrechte f\u00fcr so viele Menschen wie m\u00f6glich erreichbar zu machen.<\/p>\n<p><strong>Die Fondation Follereau ist in mehreren Projekten aktiv in afrikanischen L\u00e4ndern aktiv.<\/strong>\u00a0Im Rahmen der F\u00f6rderung des Gesundheits-Zugangs in ruralen Gegenden, unterst\u00fctzt die Fondation seit Neuestem, in Zusammenarbeit mit seinem lokalen Partner, den Bau eines Gesundheitszentrums in Lilikop\u00e9, einem kleinen Dorf, 50 km von der Hauptstadt Lom\u00e9 entfernt.<\/p>\n<p><strong>In Togo gibt es je nach Region gro\u00dfe Unterschiede hinsichtlich dem Zugang zu sanit\u00e4ren Einrichtungen.<\/strong>\u00a0In l\u00e4ndlichen Gebieten, hat nur jeder zweite Mensch Zugang zu Gesundheitseinrichtungen. Das hei\u00dfe und feuchte Klima f\u00f6rdert zudem die Verbreitung von Krankheiten. Fast die H\u00e4lfte aller Todesf\u00e4lle bei Kindern unter 5 Jahren werden durch Malaria, Durchfall oder Lungenentz\u00fcndung ausgel\u00f6st, obwohl diese durch eine einfache Behandlung schnell zu heilen sind. Durch Komplikation w\u00e4hrend der Schwangerschaft, bei oder nach der Geburt verlieren t\u00e4glich drei Frauen in Togo ihr Leben.<\/p>\n<p><strong>Diese Todesf\u00e4lle sind vermeidbar.<\/strong>\u00a0Deshalb versucht die Fondation Follereau, anhand des Gesundheitszentrums in Lilikop\u00e9, den Zugang zu qualitativer Gesundheitsversorgung f\u00fcr die 13.439 Einwohner des Bezirks zu gew\u00e4hrleisten.<\/p>\n<p>Um das Risiko der Kontamination von Infektionskrankheiten zu reduzieren, umfasst das Projekt auch eine Sensibilisierungs- und Informationskomponente \u00fcber pr\u00e4ventive Hygienema\u00dfnahmen f\u00fcr die lokale Bev\u00f6lkerung. Au\u00dferdem werden Schulen in der ganzen Region mit Hygieneeinrichtungen (Wassertanks zum H\u00e4ndewaschen, etc) ausgestattet.<\/p>\n<p>Der Zugang zur Gesundheitsversorgung ist ein Grundrecht f\u00fcr alle. Unterst\u00fctzen Sie unser Projekt in Lilikop\u00e9, um dieses Recht f\u00fcr die Schw\u00e4chsten zu garantieren und st\u00e4rken Sie damit die menschliche Solidarit\u00e4tskette.<\/p>\n<p>Vielen Dank f\u00fcr Ihre Hilfe.<\/p>\n","protected":false},"excerpt":{"rendered":"<p>Am 20. Dezember wird die menschliche Solidarit\u00e4t auf der ganzen Welt gefeiert. Die Gelegenheit Ihnen f\u00fcr Ihre Gro\u00dfz\u00fcgigkeit zu danken. Ohne Sie w\u00fcrden unsere Projekte nicht existieren.\u00a0Durch ihren Beitrag hatten [&hellip;]<\/p>\n","protected":false},"author":1,"featured_media":2314,"comment_status":"open","ping_status":"closed","sticky":false,"template":"","format":"standard","meta":{"_acf_changed":false,"footnotes":""},"categories":[634],"tags":[1097,938,1124,660,945,1093,543],"class_list":["post-3644","post","type-post","status-publish","format-standard","has-post-thumbnail","hentry","category-projets-de","tag-gesundheit","tag-gesundheit-2","tag-non-classifiee-de-14","tag-projekte-de","tag-solidaritaet","tag-solidaritat","tag-togo-de"],"acf":[],"yoast_head":"<!-- This site is optimized with the Yoast SEO plugin v27.1.1 - https:\/\/yoast.com\/product\/yoast-seo-wordpress\/ -->\n<title>Es lebe die menschliche Solidarit\u00e4t - Fondation Follereau Luxembourg<\/title>\n<meta name=\"robots\" content=\"index, follow, max-snippet:-1, max-image-preview:large, max-video-preview:-1\" \/>\n<link rel=\"canonical\" href=\"https:\/\/ffl.lu\/de\/2017\/12\/journee-internationale-de-la-solidarite-humaine\/\" \/>\n<meta property=\"og:locale\" content=\"de_DE\" \/>\n<meta property=\"og:type\" content=\"article\" \/>\n<meta property=\"og:title\" content=\"Es lebe die menschliche Solidarit\u00e4t - Fondation Follereau Luxembourg\" \/>\n<meta property=\"og:description\" content=\"Am 20. Dezember wird die menschliche Solidarit\u00e4t auf der ganzen Welt gefeiert. Die Gelegenheit Ihnen f\u00fcr Ihre Gro\u00dfz\u00fcgigkeit zu danken. Ohne Sie w\u00fcrden unsere Projekte nicht existieren.\u00a0Durch ihren Beitrag hatten [&hellip;]\" \/>\n<meta property=\"og:url\" content=\"https:\/\/ffl.lu\/de\/2017\/12\/journee-internationale-de-la-solidarite-humaine\/\" \/>\n<meta property=\"og:site_name\" content=\"Fondation Follereau Luxembourg\" \/>\n<meta property=\"article:published_time\" content=\"2017-12-15T00:00:00+00:00\" \/>\n<meta property=\"article:modified_time\" content=\"2022-10-07T12:01:24+00:00\" \/>\n<meta property=\"og:image\" content=\"https:\/\/ffl.lu\/wp-content\/uploads\/2020\/04\/MALI0399-low.jpg\" \/>\n\t<meta property=\"og:image:width\" content=\"2880\" \/>\n\t<meta property=\"og:image:height\" content=\"1920\" \/>\n\t<meta property=\"og:image:type\" content=\"image\/jpeg\" \/>\n<meta name=\"author\" content=\"mark\" \/>\n<meta name=\"twitter:card\" content=\"summary_large_image\" \/>\n<meta name=\"twitter:label1\" content=\"Verfasst von\" \/>\n\t<meta name=\"twitter:data1\" content=\"mark\" \/>\n\t<meta name=\"twitter:label2\" content=\"Gesch\u00e4tzte Lesezeit\" \/>\n\t<meta name=\"twitter:data2\" content=\"2\u00a0Minuten\" \/>\n<script type=\"application\/ld+json\" class=\"yoast-schema-graph\">{\"@context\":\"https:\/\/schema.org\",\"@graph\":[{\"@type\":\"Article\",\"@id\":\"https:\/\/ffl.lu\/de\/2017\/12\/journee-internationale-de-la-solidarite-humaine\/#article\",\"isPartOf\":{\"@id\":\"https:\/\/ffl.lu\/de\/2017\/12\/journee-internationale-de-la-solidarite-humaine\/\"},\"author\":{\"name\":\"mark\",\"@id\":\"https:\/\/ffl.lu\/de\/#\/schema\/person\/ccaebb96539db056e9ae500a3add55dd\"},\"headline\":\"Es lebe die menschliche Solidarit\u00e4t\",\"datePublished\":\"2017-12-15T00:00:00+00:00\",\"dateModified\":\"2022-10-07T12:01:24+00:00\",\"mainEntityOfPage\":{\"@id\":\"https:\/\/ffl.lu\/de\/2017\/12\/journee-internationale-de-la-solidarite-humaine\/\"},\"wordCount\":354,\"commentCount\":0,\"image\":{\"@id\":\"https:\/\/ffl.lu\/de\/2017\/12\/journee-internationale-de-la-solidarite-humaine\/#primaryimage\"},\"thumbnailUrl\":\"https:\/\/ffl.lu\/wp-content\/uploads\/2020\/04\/MALI0399-low.jpg\",\"keywords\":[\"Gesundheit\",\"Gesundheit\",\"Non classifi\u00e9(e)\",\"projekte\",\"Solidarit\u00e4t\",\"Solidarit\u00e4t\",\"Togo\"],\"articleSection\":[\"Projets\"],\"inLanguage\":\"de\"},{\"@type\":\"WebPage\",\"@id\":\"https:\/\/ffl.lu\/de\/2017\/12\/journee-internationale-de-la-solidarite-humaine\/\",\"url\":\"https:\/\/ffl.lu\/de\/2017\/12\/journee-internationale-de-la-solidarite-humaine\/\",\"name\":\"Es lebe die menschliche Solidarit\u00e4t - Fondation Follereau Luxembourg\",\"isPartOf\":{\"@id\":\"https:\/\/ffl.lu\/de\/#website\"},\"primaryImageOfPage\":{\"@id\":\"https:\/\/ffl.lu\/de\/2017\/12\/journee-internationale-de-la-solidarite-humaine\/#primaryimage\"},\"image\":{\"@id\":\"https:\/\/ffl.lu\/de\/2017\/12\/journee-internationale-de-la-solidarite-humaine\/#primaryimage\"},\"thumbnailUrl\":\"https:\/\/ffl.lu\/wp-content\/uploads\/2020\/04\/MALI0399-low.jpg\",\"datePublished\":\"2017-12-15T00:00:00+00:00\",\"dateModified\":\"2022-10-07T12:01:24+00:00\",\"author\":{\"@id\":\"https:\/\/ffl.lu\/de\/#\/schema\/person\/ccaebb96539db056e9ae500a3add55dd\"},\"breadcrumb\":{\"@id\":\"https:\/\/ffl.lu\/de\/2017\/12\/journee-internationale-de-la-solidarite-humaine\/#breadcrumb\"},\"inLanguage\":\"de\",\"potentialAction\":[{\"@type\":\"ReadAction\",\"target\":[\"https:\/\/ffl.lu\/de\/2017\/12\/journee-internationale-de-la-solidarite-humaine\/\"]}]},{\"@type\":\"ImageObject\",\"inLanguage\":\"de\",\"@id\":\"https:\/\/ffl.lu\/de\/2017\/12\/journee-internationale-de-la-solidarite-humaine\/#primaryimage\",\"url\":\"https:\/\/ffl.lu\/wp-content\/uploads\/2020\/04\/MALI0399-low.jpg\",\"contentUrl\":\"https:\/\/ffl.lu\/wp-content\/uploads\/2020\/04\/MALI0399-low.jpg\",\"width\":2880,\"height\":1920},{\"@type\":\"BreadcrumbList\",\"@id\":\"https:\/\/ffl.lu\/de\/2017\/12\/journee-internationale-de-la-solidarite-humaine\/#breadcrumb\",\"itemListElement\":[{\"@type\":\"ListItem\",\"position\":1,\"name\":\"Home\",\"item\":\"https:\/\/ffl.lu\/de\/\"},{\"@type\":\"ListItem\",\"position\":2,\"name\":\"Es lebe die menschliche Solidarit\u00e4t\"}]},{\"@type\":\"WebSite\",\"@id\":\"https:\/\/ffl.lu\/de\/#website\",\"url\":\"https:\/\/ffl.lu\/de\/\",\"name\":\"Fondation Follereau Luxembourg\",\"description\":\"Tout seul, on va vite. Ensemble, on va plus loin\",\"potentialAction\":[{\"@type\":\"SearchAction\",\"target\":{\"@type\":\"EntryPoint\",\"urlTemplate\":\"https:\/\/ffl.lu\/de\/?s={search_term_string}\"},\"query-input\":{\"@type\":\"PropertyValueSpecification\",\"valueRequired\":true,\"valueName\":\"search_term_string\"}}],\"inLanguage\":\"de\"},{\"@type\":\"Person\",\"@id\":\"https:\/\/ffl.lu\/de\/#\/schema\/person\/ccaebb96539db056e9ae500a3add55dd\",\"name\":\"mark\",\"image\":{\"@type\":\"ImageObject\",\"inLanguage\":\"de\",\"@id\":\"https:\/\/ffl.lu\/de\/#\/schema\/person\/image\/\",\"url\":\"https:\/\/secure.gravatar.com\/avatar\/ce96f9eedffc79eab8c7d97078b476a4df2ed3579c296fed4e23db8a1c05703c?s=96&d=mm&r=g\",\"contentUrl\":\"https:\/\/secure.gravatar.com\/avatar\/ce96f9eedffc79eab8c7d97078b476a4df2ed3579c296fed4e23db8a1c05703c?s=96&d=mm&r=g\",\"caption\":\"mark\"},\"url\":\"https:\/\/ffl.lu\/de\/author\/mark\/\"}]}<\/script>\n<!-- \/ Yoast SEO plugin. -->","yoast_head_json":{"title":"Es lebe die menschliche Solidarit\u00e4t - Fondation Follereau Luxembourg","robots":{"index":"index","follow":"follow","max-snippet":"max-snippet:-1","max-image-preview":"max-image-preview:large","max-video-preview":"max-video-preview:-1"},"canonical":"https:\/\/ffl.lu\/de\/2017\/12\/journee-internationale-de-la-solidarite-humaine\/","og_locale":"de_DE","og_type":"article","og_title":"Es lebe die menschliche Solidarit\u00e4t - Fondation Follereau Luxembourg","og_description":"Am 20. Dezember wird die menschliche Solidarit\u00e4t auf der ganzen Welt gefeiert. Die Gelegenheit Ihnen f\u00fcr Ihre Gro\u00dfz\u00fcgigkeit zu danken. Ohne Sie w\u00fcrden unsere Projekte nicht existieren.\u00a0Durch ihren Beitrag hatten [&hellip;]","og_url":"https:\/\/ffl.lu\/de\/2017\/12\/journee-internationale-de-la-solidarite-humaine\/","og_site_name":"Fondation Follereau Luxembourg","article_published_time":"2017-12-15T00:00:00+00:00","article_modified_time":"2022-10-07T12:01:24+00:00","og_image":[{"width":2880,"height":1920,"url":"https:\/\/ffl.lu\/wp-content\/uploads\/2020\/04\/MALI0399-low.jpg","type":"image\/jpeg"}],"author":"mark","twitter_card":"summary_large_image","twitter_misc":{"Verfasst von":"mark","Gesch\u00e4tzte Lesezeit":"2\u00a0Minuten"},"schema":{"@context":"https:\/\/schema.org","@graph":[{"@type":"Article","@id":"https:\/\/ffl.lu\/de\/2017\/12\/journee-internationale-de-la-solidarite-humaine\/#article","isPartOf":{"@id":"https:\/\/ffl.lu\/de\/2017\/12\/journee-internationale-de-la-solidarite-humaine\/"},"author":{"name":"mark","@id":"https:\/\/ffl.lu\/de\/#\/schema\/person\/ccaebb96539db056e9ae500a3add55dd"},"headline":"Es lebe die menschliche Solidarit\u00e4t","datePublished":"2017-12-15T00:00:00+00:00","dateModified":"2022-10-07T12:01:24+00:00","mainEntityOfPage":{"@id":"https:\/\/ffl.lu\/de\/2017\/12\/journee-internationale-de-la-solidarite-humaine\/"},"wordCount":354,"commentCount":0,"image":{"@id":"https:\/\/ffl.lu\/de\/2017\/12\/journee-internationale-de-la-solidarite-humaine\/#primaryimage"},"thumbnailUrl":"https:\/\/ffl.lu\/wp-content\/uploads\/2020\/04\/MALI0399-low.jpg","keywords":["Gesundheit","Gesundheit","Non classifi\u00e9(e)","projekte","Solidarit\u00e4t","Solidarit\u00e4t","Togo"],"articleSection":["Projets"],"inLanguage":"de"},{"@type":"WebPage","@id":"https:\/\/ffl.lu\/de\/2017\/12\/journee-internationale-de-la-solidarite-humaine\/","url":"https:\/\/ffl.lu\/de\/2017\/12\/journee-internationale-de-la-solidarite-humaine\/","name":"Es lebe die menschliche Solidarit\u00e4t - Fondation Follereau Luxembourg","isPartOf":{"@id":"https:\/\/ffl.lu\/de\/#website"},"primaryImageOfPage":{"@id":"https:\/\/ffl.lu\/de\/2017\/12\/journee-internationale-de-la-solidarite-humaine\/#primaryimage"},"image":{"@id":"https:\/\/ffl.lu\/de\/2017\/12\/journee-internationale-de-la-solidarite-humaine\/#primaryimage"},"thumbnailUrl":"https:\/\/ffl.lu\/wp-content\/uploads\/2020\/04\/MALI0399-low.jpg","datePublished":"2017-12-15T00:00:00+00:00","dateModified":"2022-10-07T12:01:24+00:00","author":{"@id":"https:\/\/ffl.lu\/de\/#\/schema\/person\/ccaebb96539db056e9ae500a3add55dd"},"breadcrumb":{"@id":"https:\/\/ffl.lu\/de\/2017\/12\/journee-internationale-de-la-solidarite-humaine\/#breadcrumb"},"inLanguage":"de","potentialAction":[{"@type":"ReadAction","target":["https:\/\/ffl.lu\/de\/2017\/12\/journee-internationale-de-la-solidarite-humaine\/"]}]},{"@type":"ImageObject","inLanguage":"de","@id":"https:\/\/ffl.lu\/de\/2017\/12\/journee-internationale-de-la-solidarite-humaine\/#primaryimage","url":"https:\/\/ffl.lu\/wp-content\/uploads\/2020\/04\/MALI0399-low.jpg","contentUrl":"https:\/\/ffl.lu\/wp-content\/uploads\/2020\/04\/MALI0399-low.jpg","width":2880,"height":1920},{"@type":"BreadcrumbList","@id":"https:\/\/ffl.lu\/de\/2017\/12\/journee-internationale-de-la-solidarite-humaine\/#breadcrumb","itemListElement":[{"@type":"ListItem","position":1,"name":"Home","item":"https:\/\/ffl.lu\/de\/"},{"@type":"ListItem","position":2,"name":"Es lebe die menschliche Solidarit\u00e4t"}]},{"@type":"WebSite","@id":"https:\/\/ffl.lu\/de\/#website","url":"https:\/\/ffl.lu\/de\/","name":"Fondation Follereau Luxembourg","description":"Tout seul, on va vite. Ensemble, on va plus loin","potentialAction":[{"@type":"SearchAction","target":{"@type":"EntryPoint","urlTemplate":"https:\/\/ffl.lu\/de\/?s={search_term_string}"},"query-input":{"@type":"PropertyValueSpecification","valueRequired":true,"valueName":"search_term_string"}}],"inLanguage":"de"},{"@type":"Person","@id":"https:\/\/ffl.lu\/de\/#\/schema\/person\/ccaebb96539db056e9ae500a3add55dd","name":"mark","image":{"@type":"ImageObject","inLanguage":"de","@id":"https:\/\/ffl.lu\/de\/#\/schema\/person\/image\/","url":"https:\/\/secure.gravatar.com\/avatar\/ce96f9eedffc79eab8c7d97078b476a4df2ed3579c296fed4e23db8a1c05703c?s=96&d=mm&r=g","contentUrl":"https:\/\/secure.gravatar.com\/avatar\/ce96f9eedffc79eab8c7d97078b476a4df2ed3579c296fed4e23db8a1c05703c?s=96&d=mm&r=g","caption":"mark"},"url":"https:\/\/ffl.lu\/de\/author\/mark\/"}]}},"_links":{"self":[{"href":"https:\/\/ffl.lu\/de\/wp-json\/wp\/v2\/posts\/3644","targetHints":{"allow":["GET"]}}],"collection":[{"href":"https:\/\/ffl.lu\/de\/wp-json\/wp\/v2\/posts"}],"about":[{"href":"https:\/\/ffl.lu\/de\/wp-json\/wp\/v2\/types\/post"}],"author":[{"embeddable":true,"href":"https:\/\/ffl.lu\/de\/wp-json\/wp\/v2\/users\/1"}],"replies":[{"embeddable":true,"href":"https:\/\/ffl.lu\/de\/wp-json\/wp\/v2\/comments?post=3644"}],"version-history":[{"count":2,"href":"https:\/\/ffl.lu\/de\/wp-json\/wp\/v2\/posts\/3644\/revisions"}],"predecessor-version":[{"id":5737,"href":"https:\/\/ffl.lu\/de\/wp-json\/wp\/v2\/posts\/3644\/revisions\/5737"}],"wp:featuredmedia":[{"embeddable":true,"href":"https:\/\/ffl.lu\/de\/wp-json\/wp\/v2\/media\/2314"}],"wp:attachment":[{"href":"https:\/\/ffl.lu\/de\/wp-json\/wp\/v2\/media?parent=3644"}],"wp:term":[{"taxonomy":"category","embeddable":true,"href":"https:\/\/ffl.lu\/de\/wp-json\/wp\/v2\/categories?post=3644"},{"taxonomy":"post_tag","embeddable":true,"href":"https:\/\/ffl.lu\/de\/wp-json\/wp\/v2\/tags?post=3644"}],"curies":[{"name":"wp","href":"https:\/\/api.w.org\/{rel}","templated":true}]}}