{"id":3637,"date":"2018-03-08T00:00:00","date_gmt":"2018-03-08T00:00:00","guid":{"rendered":"https:\/\/www.ffl.lu\/2018\/03\/merci\/"},"modified":"2020-06-30T14:44:16","modified_gmt":"2020-06-30T14:44:16","slug":"merci","status":"publish","type":"post","link":"https:\/\/ffl.lu\/de\/2018\/03\/merci\/","title":{"rendered":"Danke!"},"content":{"rendered":"<p><strong>Kraidergaart Wanseler spendet 5.700 .-\u20ac f\u00fcr die Fondation Follereau Luxembourg<\/strong><\/p>\n<p>Aus Anlass der formellen Aufl\u00f6sung der Vereinigung \u201eConservatoire de plantes m\u00e9dicinales de Winseler\u201c, besser bekannt unter dem Namen Wanseler Kraidergaart, trafen sich die Mitglieder zur einer letzten au\u00dfergew\u00f6hnlichen Generalversammlung um die Aufl\u00f6sung des Vereins zu beschlie\u00dfen und die Verwendung der bleibenden Aktiva zu regeln.<\/p>\n<p>Gegr\u00fcndet wurde die Vereinigung im Jahre 1996 mit dem Hauptziel in Winseler einen Kr\u00e4utergarten einzurichten, um als Naturparkprojekt verschiedene touristische und edukative Aktivit\u00e4ten zu entwickeln, wie Kinderateliers, Gartenf\u00fchrungen, Konferenzen, Herausgabe einer Zeitschrift, und innovative Produktentwicklung. Nachdem das Gartenareal nicht mehr zur Verf\u00fcgung steht f\u00fcr einen weiteren Betrieb, wurde nun beschlossen, das Projekt definitiv aufzugeben.<\/p>\n<p>Bei dieser Gelegenheit \u00fcberreichte Carlo Conter als Vertreter des austretenden Vorstandes einen Scheck in H\u00f6he von 5.700.-\u20acm f\u00fcr einen guten Zweck. \u00a0Im Namen der Fondation Follereau gab Georges Keipes einige Erkl\u00e4rungen zum Zweck dieser Unterst\u00fctzung zu Gunsten eines Gartenprojektes f\u00fcr Jugendliche in D\u00e9dougou \u2013 Burkina Faso. Die Stadt D\u00e9dougou kennzeichnet sich durch eine sehr arme und extrem junge Gesellschaft. Das Ziel des Projektes ist es Kindern, die ihre Schulausbildung verfehlt haben, entweder durch fehlende finanzielle Mittel oder durch schwierige famili\u00e4re und soziale Verh\u00e4ltnisse, eine Chance zu geben um ihren Schulabschluss nachzuholen. Die Jugendlichen haben die Wahl ob sie die allgemeine Schulausbildung oder eine berufliche Ausbildung (Schreinerei, Schneiderei, Mechanik oder Maurerei) einschlagen m\u00f6chten.<\/p>\n<p>Parallel dazu absolvieren alle Sch\u00fcler des Zentrums in D\u00e9goudou eine Ausbildung in G\u00e4rtnerei und Tierzucht. Diese hat als Vorteil, dass sie ihnen wertvolle Kenntnisse zu Landwirtschaft vermittelt, was ihnen in l\u00e4ndlichen Gegenden besonders zu Gute kommt. 2018 l\u00e4uft die Testphase der Rinderzucht an, die zur Autonomie des Zentrums beisteuern soll.<\/p>\n","protected":false},"excerpt":{"rendered":"<p>Kraidergaart Wanseler spendet 5.700 .-\u20ac f\u00fcr die Fondation Follereau Luxembourg Aus Anlass der formellen Aufl\u00f6sung der Vereinigung \u201eConservatoire de plantes m\u00e9dicinales de Winseler\u201c, besser bekannt unter dem Namen Wanseler Kraidergaart, [&hellip;]<\/p>\n","protected":false},"author":1,"featured_media":2326,"comment_status":"open","ping_status":"closed","sticky":false,"template":"","format":"standard","meta":{"_acf_changed":false,"footnotes":""},"categories":[690],"tags":[658,540,948,593,660],"class_list":["post-3637","post","type-post","status-publish","format-standard","has-post-thumbnail","hentry","category-projetsspenden-de","tag-burkina-faso-de","tag-fondation-follereau-de","tag-kooperation","tag-ong-de","tag-projekte-de"],"acf":[],"yoast_head":"<!-- This site is optimized with the Yoast SEO plugin v27.1.1 - https:\/\/yoast.com\/product\/yoast-seo-wordpress\/ -->\n<title>Danke! - Fondation Follereau Luxembourg<\/title>\n<meta name=\"robots\" content=\"index, follow, max-snippet:-1, max-image-preview:large, max-video-preview:-1\" \/>\n<link rel=\"canonical\" href=\"https:\/\/ffl.lu\/de\/2018\/03\/merci\/\" \/>\n<meta property=\"og:locale\" content=\"de_DE\" \/>\n<meta property=\"og:type\" content=\"article\" \/>\n<meta property=\"og:title\" content=\"Danke! - Fondation Follereau Luxembourg\" \/>\n<meta property=\"og:description\" content=\"Kraidergaart Wanseler spendet 5.700 .-\u20ac f\u00fcr die Fondation Follereau Luxembourg Aus Anlass der formellen Aufl\u00f6sung der Vereinigung \u201eConservatoire de plantes m\u00e9dicinales de Winseler\u201c, besser bekannt unter dem Namen Wanseler Kraidergaart, [&hellip;]\" \/>\n<meta property=\"og:url\" content=\"https:\/\/ffl.lu\/de\/2018\/03\/merci\/\" \/>\n<meta property=\"og:site_name\" content=\"Fondation Follereau Luxembourg\" \/>\n<meta property=\"article:published_time\" content=\"2018-03-08T00:00:00+00:00\" \/>\n<meta property=\"article:modified_time\" content=\"2020-06-30T14:44:16+00:00\" \/>\n<meta property=\"og:image\" content=\"https:\/\/ffl.lu\/wp-content\/uploads\/2020\/04\/ffl-scheck-Kraidergaart.jpg\" \/>\n\t<meta property=\"og:image:width\" content=\"3403\" \/>\n\t<meta property=\"og:image:height\" content=\"2471\" \/>\n\t<meta property=\"og:image:type\" content=\"image\/jpeg\" \/>\n<meta name=\"author\" content=\"mark\" \/>\n<meta name=\"twitter:card\" content=\"summary_large_image\" \/>\n<meta name=\"twitter:label1\" content=\"Verfasst von\" \/>\n\t<meta name=\"twitter:data1\" content=\"mark\" \/>\n\t<meta name=\"twitter:label2\" content=\"Gesch\u00e4tzte Lesezeit\" \/>\n\t<meta name=\"twitter:data2\" content=\"1\u00a0Minute\" \/>\n<script type=\"application\/ld+json\" class=\"yoast-schema-graph\">{\"@context\":\"https:\/\/schema.org\",\"@graph\":[{\"@type\":\"Article\",\"@id\":\"https:\/\/ffl.lu\/de\/2018\/03\/merci\/#article\",\"isPartOf\":{\"@id\":\"https:\/\/ffl.lu\/de\/2018\/03\/merci\/\"},\"author\":{\"name\":\"mark\",\"@id\":\"https:\/\/ffl.lu\/de\/#\/schema\/person\/ccaebb96539db056e9ae500a3add55dd\"},\"headline\":\"Danke!\",\"datePublished\":\"2018-03-08T00:00:00+00:00\",\"dateModified\":\"2020-06-30T14:44:16+00:00\",\"mainEntityOfPage\":{\"@id\":\"https:\/\/ffl.lu\/de\/2018\/03\/merci\/\"},\"wordCount\":296,\"commentCount\":0,\"image\":{\"@id\":\"https:\/\/ffl.lu\/de\/2018\/03\/merci\/#primaryimage\"},\"thumbnailUrl\":\"https:\/\/ffl.lu\/wp-content\/uploads\/2020\/04\/ffl-scheck-Kraidergaart.jpg\",\"keywords\":[\"Burkina Faso\",\"Fondation Follereau\",\"Kooperation\",\"ONG\",\"projekte\"],\"articleSection\":[\"Projets|Spenden\"],\"inLanguage\":\"de\"},{\"@type\":\"WebPage\",\"@id\":\"https:\/\/ffl.lu\/de\/2018\/03\/merci\/\",\"url\":\"https:\/\/ffl.lu\/de\/2018\/03\/merci\/\",\"name\":\"Danke! - Fondation Follereau Luxembourg\",\"isPartOf\":{\"@id\":\"https:\/\/ffl.lu\/de\/#website\"},\"primaryImageOfPage\":{\"@id\":\"https:\/\/ffl.lu\/de\/2018\/03\/merci\/#primaryimage\"},\"image\":{\"@id\":\"https:\/\/ffl.lu\/de\/2018\/03\/merci\/#primaryimage\"},\"thumbnailUrl\":\"https:\/\/ffl.lu\/wp-content\/uploads\/2020\/04\/ffl-scheck-Kraidergaart.jpg\",\"datePublished\":\"2018-03-08T00:00:00+00:00\",\"dateModified\":\"2020-06-30T14:44:16+00:00\",\"author\":{\"@id\":\"https:\/\/ffl.lu\/de\/#\/schema\/person\/ccaebb96539db056e9ae500a3add55dd\"},\"breadcrumb\":{\"@id\":\"https:\/\/ffl.lu\/de\/2018\/03\/merci\/#breadcrumb\"},\"inLanguage\":\"de\",\"potentialAction\":[{\"@type\":\"ReadAction\",\"target\":[\"https:\/\/ffl.lu\/de\/2018\/03\/merci\/\"]}]},{\"@type\":\"ImageObject\",\"inLanguage\":\"de\",\"@id\":\"https:\/\/ffl.lu\/de\/2018\/03\/merci\/#primaryimage\",\"url\":\"https:\/\/ffl.lu\/wp-content\/uploads\/2020\/04\/ffl-scheck-Kraidergaart.jpg\",\"contentUrl\":\"https:\/\/ffl.lu\/wp-content\/uploads\/2020\/04\/ffl-scheck-Kraidergaart.jpg\",\"width\":3403,\"height\":2471},{\"@type\":\"BreadcrumbList\",\"@id\":\"https:\/\/ffl.lu\/de\/2018\/03\/merci\/#breadcrumb\",\"itemListElement\":[{\"@type\":\"ListItem\",\"position\":1,\"name\":\"Home\",\"item\":\"https:\/\/ffl.lu\/de\/\"},{\"@type\":\"ListItem\",\"position\":2,\"name\":\"Danke!\"}]},{\"@type\":\"WebSite\",\"@id\":\"https:\/\/ffl.lu\/de\/#website\",\"url\":\"https:\/\/ffl.lu\/de\/\",\"name\":\"Fondation Follereau Luxembourg\",\"description\":\"Tout seul, on va vite. Ensemble, on va plus loin\",\"potentialAction\":[{\"@type\":\"SearchAction\",\"target\":{\"@type\":\"EntryPoint\",\"urlTemplate\":\"https:\/\/ffl.lu\/de\/?s={search_term_string}\"},\"query-input\":{\"@type\":\"PropertyValueSpecification\",\"valueRequired\":true,\"valueName\":\"search_term_string\"}}],\"inLanguage\":\"de\"},{\"@type\":\"Person\",\"@id\":\"https:\/\/ffl.lu\/de\/#\/schema\/person\/ccaebb96539db056e9ae500a3add55dd\",\"name\":\"mark\",\"image\":{\"@type\":\"ImageObject\",\"inLanguage\":\"de\",\"@id\":\"https:\/\/ffl.lu\/de\/#\/schema\/person\/image\/\",\"url\":\"https:\/\/secure.gravatar.com\/avatar\/ce96f9eedffc79eab8c7d97078b476a4df2ed3579c296fed4e23db8a1c05703c?s=96&d=mm&r=g\",\"contentUrl\":\"https:\/\/secure.gravatar.com\/avatar\/ce96f9eedffc79eab8c7d97078b476a4df2ed3579c296fed4e23db8a1c05703c?s=96&d=mm&r=g\",\"caption\":\"mark\"},\"url\":\"https:\/\/ffl.lu\/de\/author\/mark\/\"}]}<\/script>\n<!-- \/ Yoast SEO plugin. -->","yoast_head_json":{"title":"Danke! - Fondation Follereau Luxembourg","robots":{"index":"index","follow":"follow","max-snippet":"max-snippet:-1","max-image-preview":"max-image-preview:large","max-video-preview":"max-video-preview:-1"},"canonical":"https:\/\/ffl.lu\/de\/2018\/03\/merci\/","og_locale":"de_DE","og_type":"article","og_title":"Danke! - Fondation Follereau Luxembourg","og_description":"Kraidergaart Wanseler spendet 5.700 .-\u20ac f\u00fcr die Fondation Follereau Luxembourg Aus Anlass der formellen Aufl\u00f6sung der Vereinigung \u201eConservatoire de plantes m\u00e9dicinales de Winseler\u201c, besser bekannt unter dem Namen Wanseler Kraidergaart, [&hellip;]","og_url":"https:\/\/ffl.lu\/de\/2018\/03\/merci\/","og_site_name":"Fondation Follereau Luxembourg","article_published_time":"2018-03-08T00:00:00+00:00","article_modified_time":"2020-06-30T14:44:16+00:00","og_image":[{"width":3403,"height":2471,"url":"https:\/\/ffl.lu\/wp-content\/uploads\/2020\/04\/ffl-scheck-Kraidergaart.jpg","type":"image\/jpeg"}],"author":"mark","twitter_card":"summary_large_image","twitter_misc":{"Verfasst von":"mark","Gesch\u00e4tzte Lesezeit":"1\u00a0Minute"},"schema":{"@context":"https:\/\/schema.org","@graph":[{"@type":"Article","@id":"https:\/\/ffl.lu\/de\/2018\/03\/merci\/#article","isPartOf":{"@id":"https:\/\/ffl.lu\/de\/2018\/03\/merci\/"},"author":{"name":"mark","@id":"https:\/\/ffl.lu\/de\/#\/schema\/person\/ccaebb96539db056e9ae500a3add55dd"},"headline":"Danke!","datePublished":"2018-03-08T00:00:00+00:00","dateModified":"2020-06-30T14:44:16+00:00","mainEntityOfPage":{"@id":"https:\/\/ffl.lu\/de\/2018\/03\/merci\/"},"wordCount":296,"commentCount":0,"image":{"@id":"https:\/\/ffl.lu\/de\/2018\/03\/merci\/#primaryimage"},"thumbnailUrl":"https:\/\/ffl.lu\/wp-content\/uploads\/2020\/04\/ffl-scheck-Kraidergaart.jpg","keywords":["Burkina Faso","Fondation Follereau","Kooperation","ONG","projekte"],"articleSection":["Projets|Spenden"],"inLanguage":"de"},{"@type":"WebPage","@id":"https:\/\/ffl.lu\/de\/2018\/03\/merci\/","url":"https:\/\/ffl.lu\/de\/2018\/03\/merci\/","name":"Danke! - Fondation Follereau Luxembourg","isPartOf":{"@id":"https:\/\/ffl.lu\/de\/#website"},"primaryImageOfPage":{"@id":"https:\/\/ffl.lu\/de\/2018\/03\/merci\/#primaryimage"},"image":{"@id":"https:\/\/ffl.lu\/de\/2018\/03\/merci\/#primaryimage"},"thumbnailUrl":"https:\/\/ffl.lu\/wp-content\/uploads\/2020\/04\/ffl-scheck-Kraidergaart.jpg","datePublished":"2018-03-08T00:00:00+00:00","dateModified":"2020-06-30T14:44:16+00:00","author":{"@id":"https:\/\/ffl.lu\/de\/#\/schema\/person\/ccaebb96539db056e9ae500a3add55dd"},"breadcrumb":{"@id":"https:\/\/ffl.lu\/de\/2018\/03\/merci\/#breadcrumb"},"inLanguage":"de","potentialAction":[{"@type":"ReadAction","target":["https:\/\/ffl.lu\/de\/2018\/03\/merci\/"]}]},{"@type":"ImageObject","inLanguage":"de","@id":"https:\/\/ffl.lu\/de\/2018\/03\/merci\/#primaryimage","url":"https:\/\/ffl.lu\/wp-content\/uploads\/2020\/04\/ffl-scheck-Kraidergaart.jpg","contentUrl":"https:\/\/ffl.lu\/wp-content\/uploads\/2020\/04\/ffl-scheck-Kraidergaart.jpg","width":3403,"height":2471},{"@type":"BreadcrumbList","@id":"https:\/\/ffl.lu\/de\/2018\/03\/merci\/#breadcrumb","itemListElement":[{"@type":"ListItem","position":1,"name":"Home","item":"https:\/\/ffl.lu\/de\/"},{"@type":"ListItem","position":2,"name":"Danke!"}]},{"@type":"WebSite","@id":"https:\/\/ffl.lu\/de\/#website","url":"https:\/\/ffl.lu\/de\/","name":"Fondation Follereau Luxembourg","description":"Tout seul, on va vite. Ensemble, on va plus loin","potentialAction":[{"@type":"SearchAction","target":{"@type":"EntryPoint","urlTemplate":"https:\/\/ffl.lu\/de\/?s={search_term_string}"},"query-input":{"@type":"PropertyValueSpecification","valueRequired":true,"valueName":"search_term_string"}}],"inLanguage":"de"},{"@type":"Person","@id":"https:\/\/ffl.lu\/de\/#\/schema\/person\/ccaebb96539db056e9ae500a3add55dd","name":"mark","image":{"@type":"ImageObject","inLanguage":"de","@id":"https:\/\/ffl.lu\/de\/#\/schema\/person\/image\/","url":"https:\/\/secure.gravatar.com\/avatar\/ce96f9eedffc79eab8c7d97078b476a4df2ed3579c296fed4e23db8a1c05703c?s=96&d=mm&r=g","contentUrl":"https:\/\/secure.gravatar.com\/avatar\/ce96f9eedffc79eab8c7d97078b476a4df2ed3579c296fed4e23db8a1c05703c?s=96&d=mm&r=g","caption":"mark"},"url":"https:\/\/ffl.lu\/de\/author\/mark\/"}]}},"_links":{"self":[{"href":"https:\/\/ffl.lu\/de\/wp-json\/wp\/v2\/posts\/3637","targetHints":{"allow":["GET"]}}],"collection":[{"href":"https:\/\/ffl.lu\/de\/wp-json\/wp\/v2\/posts"}],"about":[{"href":"https:\/\/ffl.lu\/de\/wp-json\/wp\/v2\/types\/post"}],"author":[{"embeddable":true,"href":"https:\/\/ffl.lu\/de\/wp-json\/wp\/v2\/users\/1"}],"replies":[{"embeddable":true,"href":"https:\/\/ffl.lu\/de\/wp-json\/wp\/v2\/comments?post=3637"}],"version-history":[{"count":1,"href":"https:\/\/ffl.lu\/de\/wp-json\/wp\/v2\/posts\/3637\/revisions"}],"predecessor-version":[{"id":3960,"href":"https:\/\/ffl.lu\/de\/wp-json\/wp\/v2\/posts\/3637\/revisions\/3960"}],"wp:featuredmedia":[{"embeddable":true,"href":"https:\/\/ffl.lu\/de\/wp-json\/wp\/v2\/media\/2326"}],"wp:attachment":[{"href":"https:\/\/ffl.lu\/de\/wp-json\/wp\/v2\/media?parent=3637"}],"wp:term":[{"taxonomy":"category","embeddable":true,"href":"https:\/\/ffl.lu\/de\/wp-json\/wp\/v2\/categories?post=3637"},{"taxonomy":"post_tag","embeddable":true,"href":"https:\/\/ffl.lu\/de\/wp-json\/wp\/v2\/tags?post=3637"}],"curies":[{"name":"wp","href":"https:\/\/api.w.org\/{rel}","templated":true}]}}